{"id":2832,"date":"2024-10-22T13:36:36","date_gmt":"2024-10-22T13:36:36","guid":{"rendered":"https:\/\/patriciamesina.com\/via-ferrata-bony-denvalira-grau-roig\/"},"modified":"2024-10-24T16:32:32","modified_gmt":"2024-10-24T16:32:32","slug":"via-ferrata-bony-denvalira-grau-roig","status":"publish","type":"post","link":"https:\/\/patriciamesina.com\/ca\/via-ferrata-bony-denvalira-grau-roig\/","title":{"rendered":"Via Ferrata &#8211; Bony d&#8217;Envalira-Grau Roig"},"content":{"rendered":"\t\t<div data-elementor-type=\"wp-post\" data-elementor-id=\"2832\" class=\"elementor elementor-2832 elementor-2255\" data-elementor-post-type=\"post\">\n\t\t\t\t\t\t<section class=\"elementor-section elementor-top-section elementor-element elementor-element-7d4bfd1 elementor-section-boxed elementor-section-height-default elementor-section-height-default\" data-id=\"7d4bfd1\" data-element_type=\"section\" data-e-type=\"section\">\n\t\t\t\t\t\t<div class=\"elementor-container elementor-column-gap-default\">\n\t\t\t\t\t<div class=\"elementor-column elementor-col-100 elementor-top-column elementor-element elementor-element-4ea5ed7\" data-id=\"4ea5ed7\" data-element_type=\"column\" data-e-type=\"column\">\n\t\t\t<div class=\"elementor-widget-wrap elementor-element-populated\">\n\t\t\t\t\t\t<section class=\"elementor-section elementor-inner-section elementor-element elementor-element-a9e5195 elementor-section-content-middle elementor-section-full_width elementor-section-height-default elementor-section-height-default\" data-id=\"a9e5195\" data-element_type=\"section\" data-e-type=\"section\">\n\t\t\t\t\t\t<div class=\"elementor-container elementor-column-gap-no\">\n\t\t\t\t\t<div class=\"elementor-column elementor-col-16 elementor-inner-column elementor-element elementor-element-d13c47b\" data-id=\"d13c47b\" data-element_type=\"column\" data-e-type=\"column\">\n\t\t\t<div class=\"elementor-widget-wrap elementor-element-populated\">\n\t\t\t\t\t\t<div class=\"elementor-element elementor-element-3c4f8e8 elementor-widget elementor-widget-heading\" data-id=\"3c4f8e8\" data-element_type=\"widget\" data-e-type=\"widget\" data-widget_type=\"heading.default\">\n\t\t\t\t<div class=\"elementor-widget-container\">\n\t\t\t\t\t<h6 class=\"elementor-heading-title elementor-size-default\">Dificultat<\/h6>\t\t\t\t<\/div>\n\t\t\t\t<\/div>\n\t\t\t\t<div class=\"elementor-element elementor-element-43a2cf5 elementor-widget-divider--view-line_icon elementor-view-default elementor-widget-divider--element-align-center elementor-widget elementor-widget-divider\" data-id=\"43a2cf5\" data-element_type=\"widget\" data-e-type=\"widget\" data-widget_type=\"divider.default\">\n\t\t\t\t<div class=\"elementor-widget-container\">\n\t\t\t\t\t\t\t<div class=\"elementor-divider\">\n\t\t\t<span class=\"elementor-divider-separator\">\n\t\t\t\t\t\t\t<div class=\"elementor-icon elementor-divider__element\">\n\t\t\t\t\t<i aria-hidden=\"true\" class=\"fas fa-circle\"><\/i><\/div>\n\t\t\t\t\t\t<\/span>\n\t\t<\/div>\n\t\t\t\t\t\t<\/div>\n\t\t\t\t<\/div>\n\t\t\t\t<div class=\"elementor-element elementor-element-b80bf78 elementor-widget elementor-widget-heading\" data-id=\"b80bf78\" data-element_type=\"widget\" data-e-type=\"widget\" data-widget_type=\"heading.default\">\n\t\t\t\t<div class=\"elementor-widget-container\">\n\t\t\t\t\t<h6 class=\"elementor-heading-title elementor-size-default\">  K3<\/h6>\t\t\t\t<\/div>\n\t\t\t\t<\/div>\n\t\t\t\t\t<\/div>\n\t\t<\/div>\n\t\t\t\t<div class=\"elementor-column elementor-col-16 elementor-inner-column elementor-element elementor-element-b8e8488\" data-id=\"b8e8488\" data-element_type=\"column\" data-e-type=\"column\">\n\t\t\t<div class=\"elementor-widget-wrap elementor-element-populated\">\n\t\t\t\t\t\t<div class=\"elementor-element elementor-element-ff24e7f elementor-widget elementor-widget-heading\" data-id=\"ff24e7f\" data-element_type=\"widget\" data-e-type=\"widget\" data-widget_type=\"heading.default\">\n\t\t\t\t<div class=\"elementor-widget-container\">\n\t\t\t\t\t<h6 class=\"elementor-heading-title elementor-size-default\">Dist\u00e0ncia<\/h6>\t\t\t\t<\/div>\n\t\t\t\t<\/div>\n\t\t\t\t<div class=\"elementor-element elementor-element-fbb92d7 elementor-widget-divider--view-line_icon elementor-view-default elementor-widget-divider--element-align-center elementor-widget elementor-widget-divider\" data-id=\"fbb92d7\" data-element_type=\"widget\" data-e-type=\"widget\" data-widget_type=\"divider.default\">\n\t\t\t\t<div class=\"elementor-widget-container\">\n\t\t\t\t\t\t\t<div class=\"elementor-divider\">\n\t\t\t<span class=\"elementor-divider-separator\">\n\t\t\t\t\t\t\t<div class=\"elementor-icon elementor-divider__element\">\n\t\t\t\t\t<i aria-hidden=\"true\" class=\"fas fa-circle\"><\/i><\/div>\n\t\t\t\t\t\t<\/span>\n\t\t<\/div>\n\t\t\t\t\t\t<\/div>\n\t\t\t\t<\/div>\n\t\t\t\t<div class=\"elementor-element elementor-element-fdfaa9f elementor-widget elementor-widget-heading\" data-id=\"fdfaa9f\" data-element_type=\"widget\" data-e-type=\"widget\" data-widget_type=\"heading.default\">\n\t\t\t\t<div class=\"elementor-widget-container\">\n\t\t\t\t\t<h6 class=\"elementor-heading-title elementor-size-default\">  5,02 km<\/h6>\t\t\t\t<\/div>\n\t\t\t\t<\/div>\n\t\t\t\t\t<\/div>\n\t\t<\/div>\n\t\t\t\t<div class=\"elementor-column elementor-col-16 elementor-inner-column elementor-element elementor-element-aedbf75\" data-id=\"aedbf75\" data-element_type=\"column\" data-e-type=\"column\">\n\t\t\t<div class=\"elementor-widget-wrap elementor-element-populated\">\n\t\t\t\t\t\t<div class=\"elementor-element elementor-element-54251e0 elementor-widget elementor-widget-heading\" data-id=\"54251e0\" data-element_type=\"widget\" data-e-type=\"widget\" data-widget_type=\"heading.default\">\n\t\t\t\t<div class=\"elementor-widget-container\">\n\t\t\t\t\t<h6 class=\"elementor-heading-title elementor-size-default\">Desnivell<\/h6>\t\t\t\t<\/div>\n\t\t\t\t<\/div>\n\t\t\t\t<div class=\"elementor-element elementor-element-4667a37 elementor-widget-divider--view-line_icon elementor-view-default elementor-widget-divider--element-align-center elementor-widget elementor-widget-divider\" data-id=\"4667a37\" data-element_type=\"widget\" data-e-type=\"widget\" data-widget_type=\"divider.default\">\n\t\t\t\t<div class=\"elementor-widget-container\">\n\t\t\t\t\t\t\t<div class=\"elementor-divider\">\n\t\t\t<span class=\"elementor-divider-separator\">\n\t\t\t\t\t\t\t<div class=\"elementor-icon elementor-divider__element\">\n\t\t\t\t\t<i aria-hidden=\"true\" class=\"fas fa-circle\"><\/i><\/div>\n\t\t\t\t\t\t<\/span>\n\t\t<\/div>\n\t\t\t\t\t\t<\/div>\n\t\t\t\t<\/div>\n\t\t\t\t<div class=\"elementor-element elementor-element-d45a8f8 elementor-widget elementor-widget-heading\" data-id=\"d45a8f8\" data-element_type=\"widget\" data-e-type=\"widget\" data-widget_type=\"heading.default\">\n\t\t\t\t<div class=\"elementor-widget-container\">\n\t\t\t\t\t<h6 class=\"elementor-heading-title elementor-size-default\">552 +  552-<\/h6>\t\t\t\t<\/div>\n\t\t\t\t<\/div>\n\t\t\t\t\t<\/div>\n\t\t<\/div>\n\t\t\t\t<div class=\"elementor-column elementor-col-16 elementor-inner-column elementor-element elementor-element-1024ed2\" data-id=\"1024ed2\" data-element_type=\"column\" data-e-type=\"column\">\n\t\t\t<div class=\"elementor-widget-wrap elementor-element-populated\">\n\t\t\t\t\t\t<div class=\"elementor-element elementor-element-502da52 elementor-widget elementor-widget-heading\" data-id=\"502da52\" data-element_type=\"widget\" data-e-type=\"widget\" data-widget_type=\"heading.default\">\n\t\t\t\t<div class=\"elementor-widget-container\">\n\t\t\t\t\t<h6 class=\"elementor-heading-title elementor-size-default\">Punt inici<\/h6>\t\t\t\t<\/div>\n\t\t\t\t<\/div>\n\t\t\t\t<div class=\"elementor-element elementor-element-978cdba elementor-widget-divider--view-line_icon elementor-view-default elementor-widget-divider--element-align-center elementor-widget elementor-widget-divider\" data-id=\"978cdba\" data-element_type=\"widget\" data-e-type=\"widget\" data-widget_type=\"divider.default\">\n\t\t\t\t<div class=\"elementor-widget-container\">\n\t\t\t\t\t\t\t<div class=\"elementor-divider\">\n\t\t\t<span class=\"elementor-divider-separator\">\n\t\t\t\t\t\t\t<div class=\"elementor-icon elementor-divider__element\">\n\t\t\t\t\t<i aria-hidden=\"true\" class=\"fas fa-circle\"><\/i><\/div>\n\t\t\t\t\t\t<\/span>\n\t\t<\/div>\n\t\t\t\t\t\t<\/div>\n\t\t\t\t<\/div>\n\t\t\t\t<div class=\"elementor-element elementor-element-0cd85f9 elementor-widget elementor-widget-heading\" data-id=\"0cd85f9\" data-element_type=\"widget\" data-e-type=\"widget\" data-widget_type=\"heading.default\">\n\t\t\t\t<div class=\"elementor-widget-container\">\n\t\t\t\t\t<h6 class=\"elementor-heading-title elementor-size-default\">2113 M  <\/h6>\t\t\t\t<\/div>\n\t\t\t\t<\/div>\n\t\t\t\t\t<\/div>\n\t\t<\/div>\n\t\t\t\t<div class=\"elementor-column elementor-col-16 elementor-inner-column elementor-element elementor-element-ed41d1e\" data-id=\"ed41d1e\" data-element_type=\"column\" data-e-type=\"column\">\n\t\t\t<div class=\"elementor-widget-wrap elementor-element-populated\">\n\t\t\t\t\t\t<div class=\"elementor-element elementor-element-302b639 elementor-widget elementor-widget-heading\" data-id=\"302b639\" data-element_type=\"widget\" data-e-type=\"widget\" data-widget_type=\"heading.default\">\n\t\t\t\t<div class=\"elementor-widget-container\">\n\t\t\t\t\t<h6 class=\"elementor-heading-title elementor-size-default\">Punt + alt<\/h6>\t\t\t\t<\/div>\n\t\t\t\t<\/div>\n\t\t\t\t<div class=\"elementor-element elementor-element-ee988c6 elementor-widget-divider--view-line_icon elementor-view-default elementor-widget-divider--element-align-center elementor-widget elementor-widget-divider\" data-id=\"ee988c6\" data-element_type=\"widget\" data-e-type=\"widget\" data-widget_type=\"divider.default\">\n\t\t\t\t<div class=\"elementor-widget-container\">\n\t\t\t\t\t\t\t<div class=\"elementor-divider\">\n\t\t\t<span class=\"elementor-divider-separator\">\n\t\t\t\t\t\t\t<div class=\"elementor-icon elementor-divider__element\">\n\t\t\t\t\t<i aria-hidden=\"true\" class=\"fas fa-circle\"><\/i><\/div>\n\t\t\t\t\t\t<\/span>\n\t\t<\/div>\n\t\t\t\t\t\t<\/div>\n\t\t\t\t<\/div>\n\t\t\t\t<div class=\"elementor-element elementor-element-145b7d9 elementor-widget elementor-widget-heading\" data-id=\"145b7d9\" data-element_type=\"widget\" data-e-type=\"widget\" data-widget_type=\"heading.default\">\n\t\t\t\t<div class=\"elementor-widget-container\">\n\t\t\t\t\t<h6 class=\"elementor-heading-title elementor-size-default\">2664 M<\/h6>\t\t\t\t<\/div>\n\t\t\t\t<\/div>\n\t\t\t\t\t<\/div>\n\t\t<\/div>\n\t\t\t\t<div class=\"elementor-column elementor-col-16 elementor-inner-column elementor-element elementor-element-8132b0d\" data-id=\"8132b0d\" data-element_type=\"column\" data-e-type=\"column\">\n\t\t\t<div class=\"elementor-widget-wrap elementor-element-populated\">\n\t\t\t\t\t\t<div class=\"elementor-element elementor-element-7e69fd0 elementor-widget elementor-widget-heading\" data-id=\"7e69fd0\" data-element_type=\"widget\" data-e-type=\"widget\" data-widget_type=\"heading.default\">\n\t\t\t\t<div class=\"elementor-widget-container\">\n\t\t\t\t\t<h6 class=\"elementor-heading-title elementor-size-default\">Durada<\/h6>\t\t\t\t<\/div>\n\t\t\t\t<\/div>\n\t\t\t\t<div class=\"elementor-element elementor-element-da4ef44 elementor-widget-divider--view-line_icon elementor-view-default elementor-widget-divider--element-align-center elementor-widget elementor-widget-divider\" data-id=\"da4ef44\" data-element_type=\"widget\" data-e-type=\"widget\" data-widget_type=\"divider.default\">\n\t\t\t\t<div class=\"elementor-widget-container\">\n\t\t\t\t\t\t\t<div class=\"elementor-divider\">\n\t\t\t<span class=\"elementor-divider-separator\">\n\t\t\t\t\t\t\t<div class=\"elementor-icon elementor-divider__element\">\n\t\t\t\t\t<i aria-hidden=\"true\" class=\"fas fa-circle\"><\/i><\/div>\n\t\t\t\t\t\t<\/span>\n\t\t<\/div>\n\t\t\t\t\t\t<\/div>\n\t\t\t\t<\/div>\n\t\t\t\t<div class=\"elementor-element elementor-element-995d567 elementor-widget elementor-widget-heading\" data-id=\"995d567\" data-element_type=\"widget\" data-e-type=\"widget\" data-widget_type=\"heading.default\">\n\t\t\t\t<div class=\"elementor-widget-container\">\n\t\t\t\t\t<h6 class=\"elementor-heading-title elementor-size-default\">4 h<\/h6>\t\t\t\t<\/div>\n\t\t\t\t<\/div>\n\t\t\t\t\t<\/div>\n\t\t<\/div>\n\t\t\t\t\t<\/div>\n\t\t<\/section>\n\t\t\t\t\t<\/div>\n\t\t<\/div>\n\t\t\t\t\t<\/div>\n\t\t<\/section>\n\t\t\t\t<section class=\"elementor-section elementor-top-section elementor-element elementor-element-6f501ae elementor-section-boxed elementor-section-height-default elementor-section-height-default\" data-id=\"6f501ae\" data-element_type=\"section\" data-e-type=\"section\">\n\t\t\t\t\t\t<div class=\"elementor-container elementor-column-gap-default\">\n\t\t\t\t\t<div class=\"elementor-column elementor-col-100 elementor-top-column elementor-element elementor-element-d861754\" data-id=\"d861754\" data-element_type=\"column\" data-e-type=\"column\">\n\t\t\t<div class=\"elementor-widget-wrap elementor-element-populated\">\n\t\t\t\t\t\t<div class=\"elementor-element elementor-element-776b0ca elementor-widget elementor-widget-text-editor\" data-id=\"776b0ca\" data-element_type=\"widget\" data-e-type=\"widget\" data-widget_type=\"text-editor.default\">\n\t\t\t\t<div class=\"elementor-widget-container\">\n\t\t\t\t\t\t\t\t\t<h2>La Via Ferrada Bony d&#8217;Envalira \u00e9s una via ferrada d&#8217;alta muntanya.<\/h2>\n<p>La via ferrada de Bony d&#8217;Envalira es troba al sector de Grau Roig, Grandvalira.<\/p>\n<p>L&#8217;aproximaci\u00f3 \u00e9s llarga, amb uns quants metres de desnivell, cal tenir un bon estat f\u00edsic per accedir al peu de via.<\/p>\n<p>\u00c9s una de les vies m\u00e9s espectaculars d&#8217;Andorra, per la situaci\u00f3 geogr\u00e0fica i l&#8217;\u00fanica on es fa cim.<\/p>\n<p>El material va incl\u00f2s a l&#8217;activitat.<\/p>\n\t\t\t\t\t\t\t\t<\/div>\n\t\t\t\t<\/div>\n\t\t\t\t<div class=\"elementor-element elementor-element-601ab1f elementor-widget elementor-widget-button\" data-id=\"601ab1f\" data-element_type=\"widget\" data-e-type=\"widget\" data-widget_type=\"button.default\">\n\t\t\t\t<div class=\"elementor-widget-container\">\n\t\t\t\t\t\t\t\t\t<div class=\"elementor-button-wrapper\">\n\t\t\t\t\t<a class=\"elementor-button elementor-button-link elementor-size-xs\" href=\"https:\/\/patriciamesina.com\/ca\/contacta\/\">\n\t\t\t\t\t\t<span class=\"elementor-button-content-wrapper\">\n\t\t\t\t\t\t\t\t\t<span class=\"elementor-button-text\">Vull fer aquesta ruta<\/span>\n\t\t\t\t\t<\/span>\n\t\t\t\t\t<\/a>\n\t\t\t\t<\/div>\n\t\t\t\t\t\t\t\t<\/div>\n\t\t\t\t<\/div>\n\t\t\t\t\t<\/div>\n\t\t<\/div>\n\t\t\t\t\t<\/div>\n\t\t<\/section>\n\t\t\t\t<section class=\"elementor-section elementor-top-section elementor-element elementor-element-99b533f elementor-section-boxed elementor-section-height-default elementor-section-height-default\" data-id=\"99b533f\" data-element_type=\"section\" data-e-type=\"section\">\n\t\t\t\t\t\t<div class=\"elementor-container elementor-column-gap-default\">\n\t\t\t\t\t<div class=\"elementor-column elementor-col-100 elementor-top-column elementor-element elementor-element-bafc562\" data-id=\"bafc562\" data-element_type=\"column\" data-e-type=\"column\">\n\t\t\t<div class=\"elementor-widget-wrap elementor-element-populated\">\n\t\t\t\t\t\t<div class=\"elementor-element elementor-element-d79c66b elementor-widget elementor-widget-gallery\" data-id=\"d79c66b\" data-element_type=\"widget\" data-e-type=\"widget\" data-settings=\"{&quot;gallery_layout&quot;:&quot;justified&quot;,&quot;gap&quot;:{&quot;unit&quot;:&quot;px&quot;,&quot;size&quot;:20,&quot;sizes&quot;:[]},&quot;ideal_row_height&quot;:{&quot;unit&quot;:&quot;px&quot;,&quot;size&quot;:337,&quot;sizes&quot;:[]},&quot;lazyload&quot;:&quot;yes&quot;,&quot;ideal_row_height_tablet&quot;:{&quot;unit&quot;:&quot;px&quot;,&quot;size&quot;:150,&quot;sizes&quot;:[]},&quot;ideal_row_height_mobile&quot;:{&quot;unit&quot;:&quot;px&quot;,&quot;size&quot;:150,&quot;sizes&quot;:[]},&quot;gap_tablet&quot;:{&quot;unit&quot;:&quot;px&quot;,&quot;size&quot;:10,&quot;sizes&quot;:[]},&quot;gap_mobile&quot;:{&quot;unit&quot;:&quot;px&quot;,&quot;size&quot;:10,&quot;sizes&quot;:[]},&quot;content_hover_animation&quot;:&quot;fade-in&quot;}\" data-widget_type=\"gallery.default\">\n\t\t\t\t<div class=\"elementor-widget-container\">\n\t\t\t\t\t\t\t<div class=\"elementor-gallery__container\">\n\t\t\t\t\t\t\t<div class=\"e-gallery-item elementor-gallery-item elementor-animated-content\">\n\t\t\t\t\t<div class=\"e-gallery-image elementor-gallery-item__image\" data-thumbnail=\"https:\/\/patriciamesina.com\/wp-content\/uploads\/2023\/10\/20230715_102527-768x1024.jpeg\" data-width=\"768\" data-height=\"1024\" aria-label=\"\" role=\"img\" ><\/div>\n\t\t\t\t\t\t\t\t\t\t\t\t\t\t<\/div>\n\t\t\t\t\t\t\t<div class=\"e-gallery-item elementor-gallery-item elementor-animated-content\">\n\t\t\t\t\t<div class=\"e-gallery-image elementor-gallery-item__image\" data-thumbnail=\"https:\/\/patriciamesina.com\/wp-content\/uploads\/2023\/10\/20230715_110927-768x1024.jpeg\" data-width=\"768\" data-height=\"1024\" aria-label=\"\" role=\"img\" ><\/div>\n\t\t\t\t\t\t\t\t\t\t\t\t\t\t<\/div>\n\t\t\t\t\t\t\t<div class=\"e-gallery-item elementor-gallery-item elementor-animated-content\">\n\t\t\t\t\t<div class=\"e-gallery-image elementor-gallery-item__image\" data-thumbnail=\"https:\/\/patriciamesina.com\/wp-content\/uploads\/2023\/10\/20230715_104159-768x1024.jpeg\" data-width=\"768\" data-height=\"1024\" aria-label=\"\" role=\"img\" ><\/div>\n\t\t\t\t\t\t\t\t\t\t\t\t\t\t<\/div>\n\t\t\t\t\t\t\t<div class=\"e-gallery-item elementor-gallery-item elementor-animated-content\">\n\t\t\t\t\t<div class=\"e-gallery-image elementor-gallery-item__image\" data-thumbnail=\"https:\/\/patriciamesina.com\/wp-content\/uploads\/2023\/10\/20230715_110117-768x1008.jpeg\" data-width=\"768\" data-height=\"1008\" aria-label=\"\" role=\"img\" ><\/div>\n\t\t\t\t\t\t\t\t\t\t\t\t\t\t<\/div>\n\t\t\t\t\t\t\t<div class=\"e-gallery-item elementor-gallery-item elementor-animated-content\">\n\t\t\t\t\t<div class=\"e-gallery-image elementor-gallery-item__image\" data-thumbnail=\"https:\/\/patriciamesina.com\/wp-content\/uploads\/2023\/10\/20230715_110532-768x1024.jpeg\" data-width=\"768\" data-height=\"1024\" aria-label=\"\" role=\"img\" ><\/div>\n\t\t\t\t\t\t\t\t\t\t\t\t\t\t<\/div>\n\t\t\t\t\t\t\t<div class=\"e-gallery-item elementor-gallery-item elementor-animated-content\">\n\t\t\t\t\t<div class=\"e-gallery-image elementor-gallery-item__image\" data-thumbnail=\"https:\/\/patriciamesina.com\/wp-content\/uploads\/2024\/04\/20230715_112357.heic\" data-width=\"1\" data-height=\"1\" aria-label=\"\" role=\"img\" ><\/div>\n\t\t\t\t\t\t\t\t\t\t\t\t\t\t<\/div>\n\t\t\t\t\t\t\t<div class=\"e-gallery-item elementor-gallery-item elementor-animated-content\">\n\t\t\t\t\t<div class=\"e-gallery-image elementor-gallery-item__image\" data-thumbnail=\"https:\/\/patriciamesina.com\/wp-content\/uploads\/2024\/04\/2023-07-15T12_27_1102_00-768x1024.jpeg\" data-width=\"768\" data-height=\"1024\" aria-label=\"\" role=\"img\" ><\/div>\n\t\t\t\t\t\t\t\t\t\t\t\t\t\t<\/div>\n\t\t\t\t\t\t\t<div class=\"e-gallery-item elementor-gallery-item elementor-animated-content\">\n\t\t\t\t\t<div class=\"e-gallery-image elementor-gallery-item__image\" data-thumbnail=\"https:\/\/patriciamesina.com\/wp-content\/uploads\/2023\/10\/20230715_112115-768x1024.jpeg\" data-width=\"768\" data-height=\"1024\" aria-label=\"\" role=\"img\" ><\/div>\n\t\t\t\t\t\t\t\t\t\t\t\t\t\t<\/div>\n\t\t\t\t\t\t\t<div class=\"e-gallery-item elementor-gallery-item elementor-animated-content\">\n\t\t\t\t\t<div class=\"e-gallery-image elementor-gallery-item__image\" data-thumbnail=\"https:\/\/patriciamesina.com\/wp-content\/uploads\/2023\/10\/20230715_113651-768x1024.jpeg\" data-width=\"768\" data-height=\"1024\" aria-label=\"\" role=\"img\" ><\/div>\n\t\t\t\t\t\t\t\t\t\t\t\t\t\t<\/div>\n\t\t\t\t\t\t\t<div class=\"e-gallery-item elementor-gallery-item elementor-animated-content\">\n\t\t\t\t\t<div class=\"e-gallery-image elementor-gallery-item__image\" data-thumbnail=\"https:\/\/patriciamesina.com\/wp-content\/uploads\/2023\/10\/20230715_113707-768x1024.jpeg\" data-width=\"768\" data-height=\"1024\" aria-label=\"\" role=\"img\" ><\/div>\n\t\t\t\t\t\t\t\t\t\t\t\t\t\t<\/div>\n\t\t\t\t\t\t\t<div class=\"e-gallery-item elementor-gallery-item elementor-animated-content\">\n\t\t\t\t\t<div class=\"e-gallery-image elementor-gallery-item__image\" data-thumbnail=\"https:\/\/patriciamesina.com\/wp-content\/uploads\/2023\/10\/20230715_115442-768x1024.jpeg\" data-width=\"768\" data-height=\"1024\" aria-label=\"\" role=\"img\" ><\/div>\n\t\t\t\t\t\t\t\t\t\t\t\t\t\t<\/div>\n\t\t\t\t\t\t\t<div class=\"e-gallery-item elementor-gallery-item elementor-animated-content\">\n\t\t\t\t\t<div class=\"e-gallery-image elementor-gallery-item__image\" data-thumbnail=\"https:\/\/patriciamesina.com\/wp-content\/uploads\/2023\/10\/20230715_110927-2-768x522.jpg\" data-width=\"768\" data-height=\"522\" aria-label=\"\" role=\"img\" ><\/div>\n\t\t\t\t\t\t\t\t\t\t\t\t\t\t<\/div>\n\t\t\t\t\t<\/div>\n\t\t\t\t\t<\/div>\n\t\t\t\t<\/div>\n\t\t\t\t\t<\/div>\n\t\t<\/div>\n\t\t\t\t\t<\/div>\n\t\t<\/section>\n\t\t\t\t<\/div>\n\t\t","protected":false},"excerpt":{"rendered":"<p>Dificultat K3 Dist\u00e0ncia 5,02 km Desnivell 552 + 552- Punt inici 2113 M Punt + alt 2664 M Durada 4 h La Via Ferrada Bony d&#8217;Envalira \u00e9s una via ferrada d&#8217;alta muntanya. La via ferrada de Bony d&#8217;Envalira es troba al sector de Grau Roig, Grandvalira. L&#8217;aproximaci\u00f3 \u00e9s llarga, amb uns quants metres de desnivell, [&hellip;]<\/p>\n","protected":false},"author":4,"featured_media":2722,"comment_status":"closed","ping_status":"closed","sticky":false,"template":"","format":"standard","meta":{"inline_featured_image":false,"footnotes":""},"categories":[31,34],"tags":[],"class_list":["post-2832","post","type-post","status-publish","format-standard","has-post-thumbnail","hentry","category-guia-de-muntanya-a-andorra","category-primavera-i-estiu-a-andorra"],"yoast_head":"<!-- This site is optimized with the Yoast SEO plugin v27.3 - https:\/\/yoast.com\/product\/yoast-seo-wordpress\/ -->\n<title>Via Ferrata - Bony d&#039;Envalira-Grau Roig * Patricia Mesina<\/title>\n<meta name=\"description\" content=\"Via ferrada Bony d&#039;Envalir, ideal per als amants d&#039;espais verticals i noves experi\u00e8ncies geogr\u00e0ficament amb una situaci\u00f3 privilegiada\" \/>\n<meta name=\"robots\" content=\"index, follow, max-snippet:-1, max-image-preview:large, max-video-preview:-1\" \/>\n<link rel=\"canonical\" href=\"https:\/\/patriciamesina.com\/ca\/via-ferrata-bony-denvalira-grau-roig\/\" \/>\n<meta property=\"og:locale\" content=\"ca_ES\" \/>\n<meta property=\"og:type\" content=\"article\" \/>\n<meta property=\"og:title\" content=\"Via Ferrata - Bony d&#039;Envalira-Grau Roig * Patricia Mesina\" \/>\n<meta property=\"og:description\" content=\"Via ferrada Bony d&#039;Envalir, ideal per als amants d&#039;espais verticals i noves experi\u00e8ncies geogr\u00e0ficament amb una situaci\u00f3 privilegiada\" \/>\n<meta property=\"og:url\" content=\"https:\/\/patriciamesina.com\/ca\/via-ferrata-bony-denvalira-grau-roig\/\" \/>\n<meta property=\"og:site_name\" content=\"Patricia Mesina\" \/>\n<meta property=\"article:publisher\" content=\"https:\/\/www.facebook.com\/TuGuiaPati\" \/>\n<meta property=\"article:author\" content=\"https:\/\/www.facebook.com\/TuGuiaPati\" \/>\n<meta property=\"article:published_time\" content=\"2024-10-22T13:36:36+00:00\" \/>\n<meta property=\"article:modified_time\" content=\"2024-10-24T16:32:32+00:00\" \/>\n<meta property=\"og:image\" content=\"https:\/\/patriciamesina.com\/wp-content\/uploads\/2023\/10\/20230715_104719_exported_1466_1689446147594.jpg\" \/>\n\t<meta property=\"og:image:width\" content=\"1080\" \/>\n\t<meta property=\"og:image:height\" content=\"770\" \/>\n\t<meta property=\"og:image:type\" content=\"image\/jpeg\" \/>\n<meta name=\"author\" content=\"Patricia Mesina\" \/>\n<meta name=\"twitter:card\" content=\"summary_large_image\" \/>\n<meta name=\"twitter:label1\" content=\"Escrit per\" \/>\n\t<meta name=\"twitter:data1\" content=\"Patricia Mesina\" \/>\n<script type=\"application\/ld+json\" class=\"yoast-schema-graph\">{\"@context\":\"https:\\\/\\\/schema.org\",\"@graph\":[{\"@type\":\"Article\",\"@id\":\"https:\\\/\\\/patriciamesina.com\\\/ca\\\/via-ferrata-bony-denvalira-grau-roig\\\/#article\",\"isPartOf\":{\"@id\":\"https:\\\/\\\/patriciamesina.com\\\/ca\\\/via-ferrata-bony-denvalira-grau-roig\\\/\"},\"author\":{\"name\":\"Patricia Mesina\",\"@id\":\"https:\\\/\\\/patriciamesina.com\\\/ca\\\/#\\\/schema\\\/person\\\/e5c5ac35eb41745510f2176a948d573b\"},\"headline\":\"Via Ferrata &#8211; Bony d&#8217;Envalira-Grau Roig\",\"datePublished\":\"2024-10-22T13:36:36+00:00\",\"dateModified\":\"2024-10-24T16:32:32+00:00\",\"mainEntityOfPage\":{\"@id\":\"https:\\\/\\\/patriciamesina.com\\\/ca\\\/via-ferrata-bony-denvalira-grau-roig\\\/\"},\"wordCount\":107,\"publisher\":{\"@id\":\"https:\\\/\\\/patriciamesina.com\\\/ca\\\/#\\\/schema\\\/person\\\/e5c5ac35eb41745510f2176a948d573b\"},\"image\":{\"@id\":\"https:\\\/\\\/patriciamesina.com\\\/ca\\\/via-ferrata-bony-denvalira-grau-roig\\\/#primaryimage\"},\"thumbnailUrl\":\"https:\\\/\\\/patriciamesina.com\\\/wp-content\\\/uploads\\\/2023\\\/10\\\/20230715_104719_exported_1466_1689446147594.jpg\",\"articleSection\":[\"Guia de muntanya a Andorra\",\"Primavera i Estiu a Andorra\"],\"inLanguage\":\"ca\"},{\"@type\":\"WebPage\",\"@id\":\"https:\\\/\\\/patriciamesina.com\\\/ca\\\/via-ferrata-bony-denvalira-grau-roig\\\/\",\"url\":\"https:\\\/\\\/patriciamesina.com\\\/ca\\\/via-ferrata-bony-denvalira-grau-roig\\\/\",\"name\":\"Via Ferrata - Bony d'Envalira-Grau Roig * Patricia Mesina\",\"isPartOf\":{\"@id\":\"https:\\\/\\\/patriciamesina.com\\\/ca\\\/#website\"},\"primaryImageOfPage\":{\"@id\":\"https:\\\/\\\/patriciamesina.com\\\/ca\\\/via-ferrata-bony-denvalira-grau-roig\\\/#primaryimage\"},\"image\":{\"@id\":\"https:\\\/\\\/patriciamesina.com\\\/ca\\\/via-ferrata-bony-denvalira-grau-roig\\\/#primaryimage\"},\"thumbnailUrl\":\"https:\\\/\\\/patriciamesina.com\\\/wp-content\\\/uploads\\\/2023\\\/10\\\/20230715_104719_exported_1466_1689446147594.jpg\",\"datePublished\":\"2024-10-22T13:36:36+00:00\",\"dateModified\":\"2024-10-24T16:32:32+00:00\",\"description\":\"Via ferrada Bony d'Envalir, ideal per als amants d'espais verticals i noves experi\u00e8ncies geogr\u00e0ficament amb una situaci\u00f3 privilegiada\",\"breadcrumb\":{\"@id\":\"https:\\\/\\\/patriciamesina.com\\\/ca\\\/via-ferrata-bony-denvalira-grau-roig\\\/#breadcrumb\"},\"inLanguage\":\"ca\",\"potentialAction\":[{\"@type\":\"ReadAction\",\"target\":[\"https:\\\/\\\/patriciamesina.com\\\/ca\\\/via-ferrata-bony-denvalira-grau-roig\\\/\"]}]},{\"@type\":\"ImageObject\",\"inLanguage\":\"ca\",\"@id\":\"https:\\\/\\\/patriciamesina.com\\\/ca\\\/via-ferrata-bony-denvalira-grau-roig\\\/#primaryimage\",\"url\":\"https:\\\/\\\/patriciamesina.com\\\/wp-content\\\/uploads\\\/2023\\\/10\\\/20230715_104719_exported_1466_1689446147594.jpg\",\"contentUrl\":\"https:\\\/\\\/patriciamesina.com\\\/wp-content\\\/uploads\\\/2023\\\/10\\\/20230715_104719_exported_1466_1689446147594.jpg\",\"width\":1080,\"height\":770},{\"@type\":\"BreadcrumbList\",\"@id\":\"https:\\\/\\\/patriciamesina.com\\\/ca\\\/via-ferrata-bony-denvalira-grau-roig\\\/#breadcrumb\",\"itemListElement\":[{\"@type\":\"ListItem\",\"position\":1,\"name\":\"Portada\",\"item\":\"https:\\\/\\\/patriciamesina.com\\\/ca\\\/\"},{\"@type\":\"ListItem\",\"position\":2,\"name\":\"Via Ferrata &#8211; Bony d&#8217;Envalira-Grau Roig\"}]},{\"@type\":\"WebSite\",\"@id\":\"https:\\\/\\\/patriciamesina.com\\\/ca\\\/#website\",\"url\":\"https:\\\/\\\/patriciamesina.com\\\/ca\\\/\",\"name\":\"Patricia Mesina\",\"description\":\"Gu\u00eda de Monta\u00f1a en Andorra\\\/Expediciones emocionantes de alta monta\u00f1a por el Desierto de Atacama y aventuras inolvidables en esqu\u00ed de monta\u00f1a, raquetas de nieve, v\u00edas ferrata por Andorra\",\"publisher\":{\"@id\":\"https:\\\/\\\/patriciamesina.com\\\/ca\\\/#\\\/schema\\\/person\\\/e5c5ac35eb41745510f2176a948d573b\"},\"alternateName\":\"Patricia Mesina\",\"potentialAction\":[{\"@type\":\"SearchAction\",\"target\":{\"@type\":\"EntryPoint\",\"urlTemplate\":\"https:\\\/\\\/patriciamesina.com\\\/ca\\\/?s={search_term_string}\"},\"query-input\":{\"@type\":\"PropertyValueSpecification\",\"valueRequired\":true,\"valueName\":\"search_term_string\"}}],\"inLanguage\":\"ca\"},{\"@type\":[\"Person\",\"Organization\"],\"@id\":\"https:\\\/\\\/patriciamesina.com\\\/ca\\\/#\\\/schema\\\/person\\\/e5c5ac35eb41745510f2176a948d573b\",\"name\":\"Patricia Mesina\",\"image\":{\"@type\":\"ImageObject\",\"inLanguage\":\"ca\",\"@id\":\"https:\\\/\\\/patriciamesina.com\\\/wp-content\\\/uploads\\\/2023\\\/03\\\/patricia-mesina-logo-blue.svg\",\"url\":\"https:\\\/\\\/patriciamesina.com\\\/wp-content\\\/uploads\\\/2023\\\/03\\\/patricia-mesina-logo-blue.svg\",\"contentUrl\":\"https:\\\/\\\/patriciamesina.com\\\/wp-content\\\/uploads\\\/2023\\\/03\\\/patricia-mesina-logo-blue.svg\",\"width\":349,\"height\":264,\"caption\":\"Patricia Mesina\"},\"logo\":{\"@id\":\"https:\\\/\\\/patriciamesina.com\\\/wp-content\\\/uploads\\\/2023\\\/03\\\/patricia-mesina-logo-blue.svg\"},\"sameAs\":[\"https:\\\/\\\/www.facebook.com\\\/TuGuiaPati\",\"https:\\\/\\\/www.instagram.com\\\/patriciamesina.guia\\\/\"]}]}<\/script>\n<!-- \/ Yoast SEO plugin. -->","yoast_head_json":{"title":"Via Ferrata - Bony d'Envalira-Grau Roig * Patricia Mesina","description":"Via ferrada Bony d'Envalir, ideal per als amants d'espais verticals i noves experi\u00e8ncies geogr\u00e0ficament amb una situaci\u00f3 privilegiada","robots":{"index":"index","follow":"follow","max-snippet":"max-snippet:-1","max-image-preview":"max-image-preview:large","max-video-preview":"max-video-preview:-1"},"canonical":"https:\/\/patriciamesina.com\/ca\/via-ferrata-bony-denvalira-grau-roig\/","og_locale":"ca_ES","og_type":"article","og_title":"Via Ferrata - Bony d'Envalira-Grau Roig * Patricia Mesina","og_description":"Via ferrada Bony d'Envalir, ideal per als amants d'espais verticals i noves experi\u00e8ncies geogr\u00e0ficament amb una situaci\u00f3 privilegiada","og_url":"https:\/\/patriciamesina.com\/ca\/via-ferrata-bony-denvalira-grau-roig\/","og_site_name":"Patricia Mesina","article_publisher":"https:\/\/www.facebook.com\/TuGuiaPati","article_author":"https:\/\/www.facebook.com\/TuGuiaPati","article_published_time":"2024-10-22T13:36:36+00:00","article_modified_time":"2024-10-24T16:32:32+00:00","og_image":[{"width":1080,"height":770,"url":"https:\/\/patriciamesina.com\/wp-content\/uploads\/2023\/10\/20230715_104719_exported_1466_1689446147594.jpg","type":"image\/jpeg"}],"author":"Patricia Mesina","twitter_card":"summary_large_image","twitter_misc":{"Escrit per":"Patricia Mesina"},"schema":{"@context":"https:\/\/schema.org","@graph":[{"@type":"Article","@id":"https:\/\/patriciamesina.com\/ca\/via-ferrata-bony-denvalira-grau-roig\/#article","isPartOf":{"@id":"https:\/\/patriciamesina.com\/ca\/via-ferrata-bony-denvalira-grau-roig\/"},"author":{"name":"Patricia Mesina","@id":"https:\/\/patriciamesina.com\/ca\/#\/schema\/person\/e5c5ac35eb41745510f2176a948d573b"},"headline":"Via Ferrata &#8211; Bony d&#8217;Envalira-Grau Roig","datePublished":"2024-10-22T13:36:36+00:00","dateModified":"2024-10-24T16:32:32+00:00","mainEntityOfPage":{"@id":"https:\/\/patriciamesina.com\/ca\/via-ferrata-bony-denvalira-grau-roig\/"},"wordCount":107,"publisher":{"@id":"https:\/\/patriciamesina.com\/ca\/#\/schema\/person\/e5c5ac35eb41745510f2176a948d573b"},"image":{"@id":"https:\/\/patriciamesina.com\/ca\/via-ferrata-bony-denvalira-grau-roig\/#primaryimage"},"thumbnailUrl":"https:\/\/patriciamesina.com\/wp-content\/uploads\/2023\/10\/20230715_104719_exported_1466_1689446147594.jpg","articleSection":["Guia de muntanya a Andorra","Primavera i Estiu a Andorra"],"inLanguage":"ca"},{"@type":"WebPage","@id":"https:\/\/patriciamesina.com\/ca\/via-ferrata-bony-denvalira-grau-roig\/","url":"https:\/\/patriciamesina.com\/ca\/via-ferrata-bony-denvalira-grau-roig\/","name":"Via Ferrata - Bony d'Envalira-Grau Roig * Patricia Mesina","isPartOf":{"@id":"https:\/\/patriciamesina.com\/ca\/#website"},"primaryImageOfPage":{"@id":"https:\/\/patriciamesina.com\/ca\/via-ferrata-bony-denvalira-grau-roig\/#primaryimage"},"image":{"@id":"https:\/\/patriciamesina.com\/ca\/via-ferrata-bony-denvalira-grau-roig\/#primaryimage"},"thumbnailUrl":"https:\/\/patriciamesina.com\/wp-content\/uploads\/2023\/10\/20230715_104719_exported_1466_1689446147594.jpg","datePublished":"2024-10-22T13:36:36+00:00","dateModified":"2024-10-24T16:32:32+00:00","description":"Via ferrada Bony d'Envalir, ideal per als amants d'espais verticals i noves experi\u00e8ncies geogr\u00e0ficament amb una situaci\u00f3 privilegiada","breadcrumb":{"@id":"https:\/\/patriciamesina.com\/ca\/via-ferrata-bony-denvalira-grau-roig\/#breadcrumb"},"inLanguage":"ca","potentialAction":[{"@type":"ReadAction","target":["https:\/\/patriciamesina.com\/ca\/via-ferrata-bony-denvalira-grau-roig\/"]}]},{"@type":"ImageObject","inLanguage":"ca","@id":"https:\/\/patriciamesina.com\/ca\/via-ferrata-bony-denvalira-grau-roig\/#primaryimage","url":"https:\/\/patriciamesina.com\/wp-content\/uploads\/2023\/10\/20230715_104719_exported_1466_1689446147594.jpg","contentUrl":"https:\/\/patriciamesina.com\/wp-content\/uploads\/2023\/10\/20230715_104719_exported_1466_1689446147594.jpg","width":1080,"height":770},{"@type":"BreadcrumbList","@id":"https:\/\/patriciamesina.com\/ca\/via-ferrata-bony-denvalira-grau-roig\/#breadcrumb","itemListElement":[{"@type":"ListItem","position":1,"name":"Portada","item":"https:\/\/patriciamesina.com\/ca\/"},{"@type":"ListItem","position":2,"name":"Via Ferrata &#8211; Bony d&#8217;Envalira-Grau Roig"}]},{"@type":"WebSite","@id":"https:\/\/patriciamesina.com\/ca\/#website","url":"https:\/\/patriciamesina.com\/ca\/","name":"Patricia Mesina","description":"Gu\u00eda de Monta\u00f1a en Andorra\/Expediciones emocionantes de alta monta\u00f1a por el Desierto de Atacama y aventuras inolvidables en esqu\u00ed de monta\u00f1a, raquetas de nieve, v\u00edas ferrata por Andorra","publisher":{"@id":"https:\/\/patriciamesina.com\/ca\/#\/schema\/person\/e5c5ac35eb41745510f2176a948d573b"},"alternateName":"Patricia Mesina","potentialAction":[{"@type":"SearchAction","target":{"@type":"EntryPoint","urlTemplate":"https:\/\/patriciamesina.com\/ca\/?s={search_term_string}"},"query-input":{"@type":"PropertyValueSpecification","valueRequired":true,"valueName":"search_term_string"}}],"inLanguage":"ca"},{"@type":["Person","Organization"],"@id":"https:\/\/patriciamesina.com\/ca\/#\/schema\/person\/e5c5ac35eb41745510f2176a948d573b","name":"Patricia Mesina","image":{"@type":"ImageObject","inLanguage":"ca","@id":"https:\/\/patriciamesina.com\/wp-content\/uploads\/2023\/03\/patricia-mesina-logo-blue.svg","url":"https:\/\/patriciamesina.com\/wp-content\/uploads\/2023\/03\/patricia-mesina-logo-blue.svg","contentUrl":"https:\/\/patriciamesina.com\/wp-content\/uploads\/2023\/03\/patricia-mesina-logo-blue.svg","width":349,"height":264,"caption":"Patricia Mesina"},"logo":{"@id":"https:\/\/patriciamesina.com\/wp-content\/uploads\/2023\/03\/patricia-mesina-logo-blue.svg"},"sameAs":["https:\/\/www.facebook.com\/TuGuiaPati","https:\/\/www.instagram.com\/patriciamesina.guia\/"]}]}},"_links":{"self":[{"href":"https:\/\/patriciamesina.com\/ca\/wp-json\/wp\/v2\/posts\/2832","targetHints":{"allow":["GET"]}}],"collection":[{"href":"https:\/\/patriciamesina.com\/ca\/wp-json\/wp\/v2\/posts"}],"about":[{"href":"https:\/\/patriciamesina.com\/ca\/wp-json\/wp\/v2\/types\/post"}],"author":[{"embeddable":true,"href":"https:\/\/patriciamesina.com\/ca\/wp-json\/wp\/v2\/users\/4"}],"replies":[{"embeddable":true,"href":"https:\/\/patriciamesina.com\/ca\/wp-json\/wp\/v2\/comments?post=2832"}],"version-history":[{"count":3,"href":"https:\/\/patriciamesina.com\/ca\/wp-json\/wp\/v2\/posts\/2832\/revisions"}],"predecessor-version":[{"id":3415,"href":"https:\/\/patriciamesina.com\/ca\/wp-json\/wp\/v2\/posts\/2832\/revisions\/3415"}],"wp:featuredmedia":[{"embeddable":true,"href":"https:\/\/patriciamesina.com\/ca\/wp-json\/wp\/v2\/media\/2722"}],"wp:attachment":[{"href":"https:\/\/patriciamesina.com\/ca\/wp-json\/wp\/v2\/media?parent=2832"}],"wp:term":[{"taxonomy":"category","embeddable":true,"href":"https:\/\/patriciamesina.com\/ca\/wp-json\/wp\/v2\/categories?post=2832"},{"taxonomy":"post_tag","embeddable":true,"href":"https:\/\/patriciamesina.com\/ca\/wp-json\/wp\/v2\/tags?post=2832"}],"curies":[{"name":"wp","href":"https:\/\/api.w.org\/{rel}","templated":true}]}}