{"id":2788,"date":"2024-10-20T16:14:36","date_gmt":"2024-10-20T16:14:36","guid":{"rendered":"https:\/\/patriciamesina.com\/port-de-siguer-estany-blau-2399-m\/"},"modified":"2024-10-24T16:17:53","modified_gmt":"2024-10-24T16:17:53","slug":"port-de-siguer-estany-blau-2399-m","status":"publish","type":"post","link":"https:\/\/patriciamesina.com\/ca\/port-de-siguer-estany-blau-2399-m\/","title":{"rendered":"Port de Siguer &#8211; Estany Blau &#8211; 2399 m"},"content":{"rendered":"\t\t<div data-elementor-type=\"wp-post\" data-elementor-id=\"2788\" class=\"elementor elementor-2788 elementor-1218\" data-elementor-post-type=\"post\">\n\t\t\t\t\t\t<section class=\"elementor-section elementor-top-section elementor-element elementor-element-7d4bfd1 elementor-section-boxed elementor-section-height-default elementor-section-height-default\" data-id=\"7d4bfd1\" data-element_type=\"section\" data-e-type=\"section\">\n\t\t\t\t\t\t<div class=\"elementor-container elementor-column-gap-default\">\n\t\t\t\t\t<div class=\"elementor-column elementor-col-100 elementor-top-column elementor-element elementor-element-4ea5ed7\" data-id=\"4ea5ed7\" data-element_type=\"column\" data-e-type=\"column\">\n\t\t\t<div class=\"elementor-widget-wrap elementor-element-populated\">\n\t\t\t\t\t\t<section class=\"elementor-section elementor-inner-section elementor-element elementor-element-a9e5195 elementor-section-content-middle elementor-section-full_width elementor-section-height-default elementor-section-height-default\" data-id=\"a9e5195\" data-element_type=\"section\" data-e-type=\"section\">\n\t\t\t\t\t\t<div class=\"elementor-container elementor-column-gap-no\">\n\t\t\t\t\t<div class=\"elementor-column elementor-col-20 elementor-inner-column elementor-element elementor-element-d13c47b\" data-id=\"d13c47b\" data-element_type=\"column\" data-e-type=\"column\">\n\t\t\t<div class=\"elementor-widget-wrap elementor-element-populated\">\n\t\t\t\t\t\t<div class=\"elementor-element elementor-element-3c4f8e8 elementor-widget elementor-widget-heading\" data-id=\"3c4f8e8\" data-element_type=\"widget\" data-e-type=\"widget\" data-widget_type=\"heading.default\">\n\t\t\t\t<div class=\"elementor-widget-container\">\n\t\t\t\t\t<h6 class=\"elementor-heading-title elementor-size-default\">Nivell t\u00e8cnic<\/h6>\t\t\t\t<\/div>\n\t\t\t\t<\/div>\n\t\t\t\t<div class=\"elementor-element elementor-element-43a2cf5 elementor-widget-divider--view-line_icon elementor-view-default elementor-widget-divider--element-align-center elementor-widget elementor-widget-divider\" data-id=\"43a2cf5\" data-element_type=\"widget\" data-e-type=\"widget\" data-widget_type=\"divider.default\">\n\t\t\t\t<div class=\"elementor-widget-container\">\n\t\t\t\t\t\t\t<div class=\"elementor-divider\">\n\t\t\t<span class=\"elementor-divider-separator\">\n\t\t\t\t\t\t\t<div class=\"elementor-icon elementor-divider__element\">\n\t\t\t\t\t<i aria-hidden=\"true\" class=\"fas fa-circle\"><\/i><\/div>\n\t\t\t\t\t\t<\/span>\n\t\t<\/div>\n\t\t\t\t\t\t<\/div>\n\t\t\t\t<\/div>\n\t\t\t\t<div class=\"elementor-element elementor-element-b80bf78 elementor-widget elementor-widget-heading\" data-id=\"b80bf78\" data-element_type=\"widget\" data-e-type=\"widget\" data-widget_type=\"heading.default\">\n\t\t\t\t<div class=\"elementor-widget-container\">\n\t\t\t\t\t<h6 class=\"elementor-heading-title elementor-size-default\">Moderat<\/h6>\t\t\t\t<\/div>\n\t\t\t\t<\/div>\n\t\t\t\t\t<\/div>\n\t\t<\/div>\n\t\t\t\t<div class=\"elementor-column elementor-col-20 elementor-inner-column elementor-element elementor-element-b8e8488\" data-id=\"b8e8488\" data-element_type=\"column\" data-e-type=\"column\">\n\t\t\t<div class=\"elementor-widget-wrap elementor-element-populated\">\n\t\t\t\t\t\t<div class=\"elementor-element elementor-element-ff24e7f elementor-widget elementor-widget-heading\" data-id=\"ff24e7f\" data-element_type=\"widget\" data-e-type=\"widget\" data-widget_type=\"heading.default\">\n\t\t\t\t<div class=\"elementor-widget-container\">\n\t\t\t\t\t<h6 class=\"elementor-heading-title elementor-size-default\">Nivell F\u00edsic<\/h6>\t\t\t\t<\/div>\n\t\t\t\t<\/div>\n\t\t\t\t<div class=\"elementor-element elementor-element-fbb92d7 elementor-widget-divider--view-line_icon elementor-view-default elementor-widget-divider--element-align-center elementor-widget elementor-widget-divider\" data-id=\"fbb92d7\" data-element_type=\"widget\" data-e-type=\"widget\" data-widget_type=\"divider.default\">\n\t\t\t\t<div class=\"elementor-widget-container\">\n\t\t\t\t\t\t\t<div class=\"elementor-divider\">\n\t\t\t<span class=\"elementor-divider-separator\">\n\t\t\t\t\t\t\t<div class=\"elementor-icon elementor-divider__element\">\n\t\t\t\t\t<i aria-hidden=\"true\" class=\"fas fa-circle\"><\/i><\/div>\n\t\t\t\t\t\t<\/span>\n\t\t<\/div>\n\t\t\t\t\t\t<\/div>\n\t\t\t\t<\/div>\n\t\t\t\t<div class=\"elementor-element elementor-element-fdfaa9f elementor-widget elementor-widget-heading\" data-id=\"fdfaa9f\" data-element_type=\"widget\" data-e-type=\"widget\" data-widget_type=\"heading.default\">\n\t\t\t\t<div class=\"elementor-widget-container\">\n\t\t\t\t\t<h6 class=\"elementor-heading-title elementor-size-default\">Moderat<\/h6>\t\t\t\t<\/div>\n\t\t\t\t<\/div>\n\t\t\t\t\t<\/div>\n\t\t<\/div>\n\t\t\t\t<div class=\"elementor-column elementor-col-20 elementor-inner-column elementor-element elementor-element-6c3b09b\" data-id=\"6c3b09b\" data-element_type=\"column\" data-e-type=\"column\">\n\t\t\t<div class=\"elementor-widget-wrap elementor-element-populated\">\n\t\t\t\t\t\t<div class=\"elementor-element elementor-element-7ac8023 elementor-widget elementor-widget-heading\" data-id=\"7ac8023\" data-element_type=\"widget\" data-e-type=\"widget\" data-widget_type=\"heading.default\">\n\t\t\t\t<div class=\"elementor-widget-container\">\n\t\t\t\t\t<h6 class=\"elementor-heading-title elementor-size-default\">Dist\u00e0ncia<\/h6>\t\t\t\t<\/div>\n\t\t\t\t<\/div>\n\t\t\t\t<div class=\"elementor-element elementor-element-88d0ff3 elementor-widget-divider--view-line_icon elementor-view-default elementor-widget-divider--element-align-center elementor-widget elementor-widget-divider\" data-id=\"88d0ff3\" data-element_type=\"widget\" data-e-type=\"widget\" data-widget_type=\"divider.default\">\n\t\t\t\t<div class=\"elementor-widget-container\">\n\t\t\t\t\t\t\t<div class=\"elementor-divider\">\n\t\t\t<span class=\"elementor-divider-separator\">\n\t\t\t\t\t\t\t<div class=\"elementor-icon elementor-divider__element\">\n\t\t\t\t\t<i aria-hidden=\"true\" class=\"fas fa-circle\"><\/i><\/div>\n\t\t\t\t\t\t<\/span>\n\t\t<\/div>\n\t\t\t\t\t\t<\/div>\n\t\t\t\t<\/div>\n\t\t\t\t<div class=\"elementor-element elementor-element-734ddd0 elementor-widget elementor-widget-heading\" data-id=\"734ddd0\" data-element_type=\"widget\" data-e-type=\"widget\" data-widget_type=\"heading.default\">\n\t\t\t\t<div class=\"elementor-widget-container\">\n\t\t\t\t\t<h6 class=\"elementor-heading-title elementor-size-default\">10,8 km<\/h6>\t\t\t\t<\/div>\n\t\t\t\t<\/div>\n\t\t\t\t\t<\/div>\n\t\t<\/div>\n\t\t\t\t<div class=\"elementor-column elementor-col-20 elementor-inner-column elementor-element elementor-element-aedbf75\" data-id=\"aedbf75\" data-element_type=\"column\" data-e-type=\"column\">\n\t\t\t<div class=\"elementor-widget-wrap elementor-element-populated\">\n\t\t\t\t\t\t<div class=\"elementor-element elementor-element-54251e0 elementor-widget elementor-widget-heading\" data-id=\"54251e0\" data-element_type=\"widget\" data-e-type=\"widget\" data-widget_type=\"heading.default\">\n\t\t\t\t<div class=\"elementor-widget-container\">\n\t\t\t\t\t<h6 class=\"elementor-heading-title elementor-size-default\">Desnivell<\/h6>\t\t\t\t<\/div>\n\t\t\t\t<\/div>\n\t\t\t\t<div class=\"elementor-element elementor-element-4667a37 elementor-widget-divider--view-line_icon elementor-view-default elementor-widget-divider--element-align-center elementor-widget elementor-widget-divider\" data-id=\"4667a37\" data-element_type=\"widget\" data-e-type=\"widget\" data-widget_type=\"divider.default\">\n\t\t\t\t<div class=\"elementor-widget-container\">\n\t\t\t\t\t\t\t<div class=\"elementor-divider\">\n\t\t\t<span class=\"elementor-divider-separator\">\n\t\t\t\t\t\t\t<div class=\"elementor-icon elementor-divider__element\">\n\t\t\t\t\t<i aria-hidden=\"true\" class=\"fas fa-circle\"><\/i><\/div>\n\t\t\t\t\t\t<\/span>\n\t\t<\/div>\n\t\t\t\t\t\t<\/div>\n\t\t\t\t<\/div>\n\t\t\t\t<div class=\"elementor-element elementor-element-d45a8f8 elementor-widget elementor-widget-heading\" data-id=\"d45a8f8\" data-element_type=\"widget\" data-e-type=\"widget\" data-widget_type=\"heading.default\">\n\t\t\t\t<div class=\"elementor-widget-container\">\n\t\t\t\t\t<h6 class=\"elementor-heading-title elementor-size-default\">+711 m -711 m<\/h6>\t\t\t\t<\/div>\n\t\t\t\t<\/div>\n\t\t\t\t\t<\/div>\n\t\t<\/div>\n\t\t\t\t<div class=\"elementor-column elementor-col-20 elementor-inner-column elementor-element elementor-element-8132b0d\" data-id=\"8132b0d\" data-element_type=\"column\" data-e-type=\"column\">\n\t\t\t<div class=\"elementor-widget-wrap elementor-element-populated\">\n\t\t\t\t\t\t<div class=\"elementor-element elementor-element-7e69fd0 elementor-widget elementor-widget-heading\" data-id=\"7e69fd0\" data-element_type=\"widget\" data-e-type=\"widget\" data-widget_type=\"heading.default\">\n\t\t\t\t<div class=\"elementor-widget-container\">\n\t\t\t\t\t<h6 class=\"elementor-heading-title elementor-size-default\">Durada<\/h6>\t\t\t\t<\/div>\n\t\t\t\t<\/div>\n\t\t\t\t<div class=\"elementor-element elementor-element-da4ef44 elementor-widget-divider--view-line_icon elementor-view-default elementor-widget-divider--element-align-center elementor-widget elementor-widget-divider\" data-id=\"da4ef44\" data-element_type=\"widget\" data-e-type=\"widget\" data-widget_type=\"divider.default\">\n\t\t\t\t<div class=\"elementor-widget-container\">\n\t\t\t\t\t\t\t<div class=\"elementor-divider\">\n\t\t\t<span class=\"elementor-divider-separator\">\n\t\t\t\t\t\t\t<div class=\"elementor-icon elementor-divider__element\">\n\t\t\t\t\t<i aria-hidden=\"true\" class=\"fas fa-circle\"><\/i><\/div>\n\t\t\t\t\t\t<\/span>\n\t\t<\/div>\n\t\t\t\t\t\t<\/div>\n\t\t\t\t<\/div>\n\t\t\t\t<div class=\"elementor-element elementor-element-995d567 elementor-widget elementor-widget-heading\" data-id=\"995d567\" data-element_type=\"widget\" data-e-type=\"widget\" data-widget_type=\"heading.default\">\n\t\t\t\t<div class=\"elementor-widget-container\">\n\t\t\t\t\t<h6 class=\"elementor-heading-title elementor-size-default\">4-5 H<\/h6>\t\t\t\t<\/div>\n\t\t\t\t<\/div>\n\t\t\t\t\t<\/div>\n\t\t<\/div>\n\t\t\t\t\t<\/div>\n\t\t<\/section>\n\t\t\t\t\t<\/div>\n\t\t<\/div>\n\t\t\t\t\t<\/div>\n\t\t<\/section>\n\t\t\t\t<section class=\"elementor-section elementor-top-section elementor-element elementor-element-6f501ae elementor-section-boxed elementor-section-height-default elementor-section-height-default\" data-id=\"6f501ae\" data-element_type=\"section\" data-e-type=\"section\">\n\t\t\t\t\t\t<div class=\"elementor-container elementor-column-gap-default\">\n\t\t\t\t\t<div class=\"elementor-column elementor-col-100 elementor-top-column elementor-element elementor-element-d861754\" data-id=\"d861754\" data-element_type=\"column\" data-e-type=\"column\">\n\t\t\t<div class=\"elementor-widget-wrap elementor-element-populated\">\n\t\t\t\t\t\t<div class=\"elementor-element elementor-element-776b0ca elementor-widget elementor-widget-text-editor\" data-id=\"776b0ca\" data-element_type=\"widget\" data-e-type=\"widget\" data-widget_type=\"text-editor.default\">\n\t\t\t\t<div class=\"elementor-widget-container\">\n\t\t\t\t\t\t\t\t\t<h2>Esqu\u00ed de muntanya a Port de Siguer i Estany Blau, Andorra.<br \/> Nivell Intermedi.<\/h2>\n<p>Viu l&#8217;emoci\u00f3 de l&#8217;esqu\u00ed de muntanya a Port de Siguer i l&#8217;Estany Blau, Andorra! Nivell intermedi.<\/p>\n<p>Iniciem la sortida del p\u00e0rquing de Sorteny rumb a la vall de Rialb.<\/p>\n<p>Circulem cap al nord en el que \u00e9s el riu de Rialb, ara tapat de neu, un paisatge incre\u00efble amb vessants a banda i banda de for\u00e7a pendent.<\/p>\n<p>Abans de desviar-se seguim direcci\u00f3 Port de Siguer, el pendent \u00e9s menys suau per\u00f2 molt agradable, un cop al P\u00f2rt, baixem esquiant a l&#8217;Estany Blau, una enorme superf\u00edcie congelada i tapada de neu.<\/p>\n<p>Les muntanyes que acompanyen el llac s\u00f3n m\u00e9s espectaculars per l&#8217;efecte de la superf\u00edcie plana del llac.<\/p>\n<p>En tornar, a la primera part pugem amb pells ia gaudir d&#8217;una gran baixada esquiant fins arribar al punt d&#8217;inici, p\u00e0rquing de Sorteny.<\/p>\n<p>Reserva la teva experi\u00e8ncia ara i submergeix-te a la bellesa d&#8217;Andorar a Port de Siguer i Estany Blau!<\/p>\n\t\t\t\t\t\t\t\t<\/div>\n\t\t\t\t<\/div>\n\t\t\t\t<div class=\"elementor-element elementor-element-8d11176 elementor-widget elementor-widget-button\" data-id=\"8d11176\" data-element_type=\"widget\" data-e-type=\"widget\" data-widget_type=\"button.default\">\n\t\t\t\t<div class=\"elementor-widget-container\">\n\t\t\t\t\t\t\t\t\t<div class=\"elementor-button-wrapper\">\n\t\t\t\t\t<a class=\"elementor-button elementor-button-link elementor-size-xs\" href=\"https:\/\/patriciamesina.com\/ca\/contacta\/\">\n\t\t\t\t\t\t<span class=\"elementor-button-content-wrapper\">\n\t\t\t\t\t\t\t\t\t<span class=\"elementor-button-text\">Vull fer aquesta ruta<\/span>\n\t\t\t\t\t<\/span>\n\t\t\t\t\t<\/a>\n\t\t\t\t<\/div>\n\t\t\t\t\t\t\t\t<\/div>\n\t\t\t\t<\/div>\n\t\t\t\t\t<\/div>\n\t\t<\/div>\n\t\t\t\t\t<\/div>\n\t\t<\/section>\n\t\t\t\t<section class=\"elementor-section elementor-top-section elementor-element elementor-element-c2f5ee9 elementor-section-boxed elementor-section-height-default elementor-section-height-default\" data-id=\"c2f5ee9\" data-element_type=\"section\" data-e-type=\"section\">\n\t\t\t\t\t\t<div class=\"elementor-container elementor-column-gap-default\">\n\t\t\t\t\t<div class=\"elementor-column elementor-col-100 elementor-top-column elementor-element elementor-element-10516d5\" data-id=\"10516d5\" data-element_type=\"column\" data-e-type=\"column\">\n\t\t\t<div class=\"elementor-widget-wrap elementor-element-populated\">\n\t\t\t\t\t\t<div class=\"elementor-element elementor-element-7ebed95 elementor-widget elementor-widget-gallery\" data-id=\"7ebed95\" data-element_type=\"widget\" data-e-type=\"widget\" data-settings=\"{&quot;gallery_layout&quot;:&quot;justified&quot;,&quot;gap&quot;:{&quot;unit&quot;:&quot;px&quot;,&quot;size&quot;:20,&quot;sizes&quot;:[]},&quot;ideal_row_height&quot;:{&quot;unit&quot;:&quot;px&quot;,&quot;size&quot;:397,&quot;sizes&quot;:[]},&quot;lazyload&quot;:&quot;yes&quot;,&quot;ideal_row_height_tablet&quot;:{&quot;unit&quot;:&quot;px&quot;,&quot;size&quot;:150,&quot;sizes&quot;:[]},&quot;ideal_row_height_mobile&quot;:{&quot;unit&quot;:&quot;px&quot;,&quot;size&quot;:150,&quot;sizes&quot;:[]},&quot;gap_tablet&quot;:{&quot;unit&quot;:&quot;px&quot;,&quot;size&quot;:10,&quot;sizes&quot;:[]},&quot;gap_mobile&quot;:{&quot;unit&quot;:&quot;px&quot;,&quot;size&quot;:10,&quot;sizes&quot;:[]},&quot;content_hover_animation&quot;:&quot;fade-in&quot;}\" data-widget_type=\"gallery.default\">\n\t\t\t\t<div class=\"elementor-widget-container\">\n\t\t\t\t\t\t\t<div class=\"elementor-gallery__container\">\n\t\t\t\t\t\t\t<div class=\"e-gallery-item elementor-gallery-item elementor-animated-content\">\n\t\t\t\t\t<div class=\"e-gallery-image elementor-gallery-item__image\" data-thumbnail=\"https:\/\/patriciamesina.com\/wp-content\/uploads\/2023\/05\/20230307_122425-768x1024.jpg\" data-width=\"768\" data-height=\"1024\" aria-label=\"\" role=\"img\" ><\/div>\n\t\t\t\t\t\t\t\t\t\t\t\t\t\t<\/div>\n\t\t\t\t\t\t\t<div class=\"e-gallery-item elementor-gallery-item elementor-animated-content\">\n\t\t\t\t\t<div class=\"e-gallery-image elementor-gallery-item__image\" data-thumbnail=\"https:\/\/patriciamesina.com\/wp-content\/uploads\/2023\/12\/20230307_122541-768x1024.jpg\" data-width=\"768\" data-height=\"1024\" aria-label=\"\" role=\"img\" ><\/div>\n\t\t\t\t\t\t\t\t\t\t\t\t\t\t<\/div>\n\t\t\t\t\t\t\t<div class=\"e-gallery-item elementor-gallery-item elementor-animated-content\">\n\t\t\t\t\t<div class=\"e-gallery-image elementor-gallery-item__image\" data-thumbnail=\"https:\/\/patriciamesina.com\/wp-content\/uploads\/2023\/05\/20230307_122403-768x933.jpg\" data-width=\"768\" data-height=\"933\" aria-label=\"\" role=\"img\" ><\/div>\n\t\t\t\t\t\t\t\t\t\t\t\t\t\t<\/div>\n\t\t\t\t\t\t\t<div class=\"e-gallery-item elementor-gallery-item elementor-animated-content\">\n\t\t\t\t\t<div class=\"e-gallery-image elementor-gallery-item__image\" data-thumbnail=\"https:\/\/patriciamesina.com\/wp-content\/uploads\/2023\/05\/20230302_104432-768x952.jpg\" data-width=\"768\" data-height=\"952\" aria-label=\"\" role=\"img\" ><\/div>\n\t\t\t\t\t\t\t\t\t\t\t\t\t\t<\/div>\n\t\t\t\t\t\t\t<div class=\"e-gallery-item elementor-gallery-item elementor-animated-content\">\n\t\t\t\t\t<div class=\"e-gallery-image elementor-gallery-item__image\" data-thumbnail=\"https:\/\/patriciamesina.com\/wp-content\/uploads\/2023\/05\/57277882_10210374348954526_6937130803113492480_n-768x960.jpg\" data-width=\"768\" data-height=\"960\" aria-label=\"\" role=\"img\" ><\/div>\n\t\t\t\t\t\t\t\t\t\t\t\t\t\t<\/div>\n\t\t\t\t\t<\/div>\n\t\t\t\t\t<\/div>\n\t\t\t\t<\/div>\n\t\t\t\t\t<\/div>\n\t\t<\/div>\n\t\t\t\t\t<\/div>\n\t\t<\/section>\n\t\t\t\t<\/div>\n\t\t","protected":false},"excerpt":{"rendered":"<p>Nivell t\u00e8cnic Moderat Nivell F\u00edsic Moderat Dist\u00e0ncia 10,8 km Desnivell +711 m -711 m Durada 4-5 H Esqu\u00ed de muntanya a Port de Siguer i Estany Blau, Andorra. Nivell Intermedi. Viu l&#8217;emoci\u00f3 de l&#8217;esqu\u00ed de muntanya a Port de Siguer i l&#8217;Estany Blau, Andorra! Nivell intermedi. Iniciem la sortida del p\u00e0rquing de Sorteny rumb a [&hellip;]<\/p>\n","protected":false},"author":1,"featured_media":2643,"comment_status":"closed","ping_status":"closed","sticky":false,"template":"","format":"standard","meta":{"inline_featured_image":false,"footnotes":""},"categories":[31,27],"tags":[],"class_list":["post-2788","post","type-post","status-publish","format-standard","has-post-thumbnail","hentry","category-guia-de-muntanya-a-andorra","category-tardor-i-hivern-a-andorra"],"yoast_head":"<!-- This site is optimized with the Yoast SEO plugin v27.3 - https:\/\/yoast.com\/product\/yoast-seo-wordpress\/ -->\n<title>Port de Siguer - Estany Blau - 2399 m * Patricia Mesina<\/title>\n<meta name=\"robots\" content=\"index, follow, max-snippet:-1, max-image-preview:large, max-video-preview:-1\" \/>\n<link rel=\"canonical\" href=\"https:\/\/patriciamesina.com\/ca\/port-de-siguer-estany-blau-2399-m\/\" \/>\n<meta property=\"og:locale\" content=\"ca_ES\" \/>\n<meta property=\"og:type\" content=\"article\" \/>\n<meta property=\"og:title\" content=\"Port de Siguer - Estany Blau - 2399 m * Patricia Mesina\" \/>\n<meta property=\"og:description\" content=\"Nivell t\u00e8cnic Moderat Nivell F\u00edsic Moderat Dist\u00e0ncia 10,8 km Desnivell +711 m -711 m Durada 4-5 H Esqu\u00ed de muntanya a Port de Siguer i Estany Blau, Andorra. Nivell Intermedi. Viu l&#8217;emoci\u00f3 de l&#8217;esqu\u00ed de muntanya a Port de Siguer i l&#8217;Estany Blau, Andorra! Nivell intermedi. Iniciem la sortida del p\u00e0rquing de Sorteny rumb a [&hellip;]\" \/>\n<meta property=\"og:url\" content=\"https:\/\/patriciamesina.com\/ca\/port-de-siguer-estany-blau-2399-m\/\" \/>\n<meta property=\"og:site_name\" content=\"Patricia Mesina\" \/>\n<meta property=\"article:publisher\" content=\"https:\/\/www.facebook.com\/TuGuiaPati\" \/>\n<meta property=\"article:published_time\" content=\"2024-10-20T16:14:36+00:00\" \/>\n<meta property=\"article:modified_time\" content=\"2024-10-24T16:17:53+00:00\" \/>\n<meta property=\"og:image\" content=\"https:\/\/patriciamesina.com\/wp-content\/uploads\/2023\/05\/port-siguer-estany-blau.jpg\" \/>\n\t<meta property=\"og:image:width\" content=\"1000\" \/>\n\t<meta property=\"og:image:height\" content=\"650\" \/>\n\t<meta property=\"og:image:type\" content=\"image\/jpeg\" \/>\n<meta name=\"author\" content=\"YoureBLD23\" \/>\n<meta name=\"twitter:card\" content=\"summary_large_image\" \/>\n<meta name=\"twitter:label1\" content=\"Escrit per\" \/>\n\t<meta name=\"twitter:data1\" content=\"YoureBLD23\" \/>\n\t<meta name=\"twitter:label2\" content=\"Temps estimat de lectura\" \/>\n\t<meta name=\"twitter:data2\" content=\"1 minut\" \/>\n<script type=\"application\/ld+json\" class=\"yoast-schema-graph\">{\"@context\":\"https:\\\/\\\/schema.org\",\"@graph\":[{\"@type\":\"Article\",\"@id\":\"https:\\\/\\\/patriciamesina.com\\\/ca\\\/port-de-siguer-estany-blau-2399-m\\\/#article\",\"isPartOf\":{\"@id\":\"https:\\\/\\\/patriciamesina.com\\\/ca\\\/port-de-siguer-estany-blau-2399-m\\\/\"},\"author\":{\"name\":\"YoureBLD23\",\"@id\":\"https:\\\/\\\/patriciamesina.com\\\/ca\\\/#\\\/schema\\\/person\\\/300f1e80501e94e7c39723bbee6b11a7\"},\"headline\":\"Port de Siguer &#8211; Estany Blau &#8211; 2399 m\",\"datePublished\":\"2024-10-20T16:14:36+00:00\",\"dateModified\":\"2024-10-24T16:17:53+00:00\",\"mainEntityOfPage\":{\"@id\":\"https:\\\/\\\/patriciamesina.com\\\/ca\\\/port-de-siguer-estany-blau-2399-m\\\/\"},\"wordCount\":209,\"publisher\":{\"@id\":\"https:\\\/\\\/patriciamesina.com\\\/ca\\\/#\\\/schema\\\/person\\\/e5c5ac35eb41745510f2176a948d573b\"},\"image\":{\"@id\":\"https:\\\/\\\/patriciamesina.com\\\/ca\\\/port-de-siguer-estany-blau-2399-m\\\/#primaryimage\"},\"thumbnailUrl\":\"https:\\\/\\\/patriciamesina.com\\\/wp-content\\\/uploads\\\/2023\\\/05\\\/port-siguer-estany-blau.jpg\",\"articleSection\":[\"Guia de muntanya a Andorra\",\"Tardor i hivern a Andorra\"],\"inLanguage\":\"ca\"},{\"@type\":\"WebPage\",\"@id\":\"https:\\\/\\\/patriciamesina.com\\\/ca\\\/port-de-siguer-estany-blau-2399-m\\\/\",\"url\":\"https:\\\/\\\/patriciamesina.com\\\/ca\\\/port-de-siguer-estany-blau-2399-m\\\/\",\"name\":\"Port de Siguer - Estany Blau - 2399 m * Patricia Mesina\",\"isPartOf\":{\"@id\":\"https:\\\/\\\/patriciamesina.com\\\/ca\\\/#website\"},\"primaryImageOfPage\":{\"@id\":\"https:\\\/\\\/patriciamesina.com\\\/ca\\\/port-de-siguer-estany-blau-2399-m\\\/#primaryimage\"},\"image\":{\"@id\":\"https:\\\/\\\/patriciamesina.com\\\/ca\\\/port-de-siguer-estany-blau-2399-m\\\/#primaryimage\"},\"thumbnailUrl\":\"https:\\\/\\\/patriciamesina.com\\\/wp-content\\\/uploads\\\/2023\\\/05\\\/port-siguer-estany-blau.jpg\",\"datePublished\":\"2024-10-20T16:14:36+00:00\",\"dateModified\":\"2024-10-24T16:17:53+00:00\",\"breadcrumb\":{\"@id\":\"https:\\\/\\\/patriciamesina.com\\\/ca\\\/port-de-siguer-estany-blau-2399-m\\\/#breadcrumb\"},\"inLanguage\":\"ca\",\"potentialAction\":[{\"@type\":\"ReadAction\",\"target\":[\"https:\\\/\\\/patriciamesina.com\\\/ca\\\/port-de-siguer-estany-blau-2399-m\\\/\"]}]},{\"@type\":\"ImageObject\",\"inLanguage\":\"ca\",\"@id\":\"https:\\\/\\\/patriciamesina.com\\\/ca\\\/port-de-siguer-estany-blau-2399-m\\\/#primaryimage\",\"url\":\"https:\\\/\\\/patriciamesina.com\\\/wp-content\\\/uploads\\\/2023\\\/05\\\/port-siguer-estany-blau.jpg\",\"contentUrl\":\"https:\\\/\\\/patriciamesina.com\\\/wp-content\\\/uploads\\\/2023\\\/05\\\/port-siguer-estany-blau.jpg\",\"width\":1000,\"height\":650},{\"@type\":\"BreadcrumbList\",\"@id\":\"https:\\\/\\\/patriciamesina.com\\\/ca\\\/port-de-siguer-estany-blau-2399-m\\\/#breadcrumb\",\"itemListElement\":[{\"@type\":\"ListItem\",\"position\":1,\"name\":\"Portada\",\"item\":\"https:\\\/\\\/patriciamesina.com\\\/ca\\\/\"},{\"@type\":\"ListItem\",\"position\":2,\"name\":\"Port de Siguer &#8211; Estany Blau &#8211; 2399 m\"}]},{\"@type\":\"WebSite\",\"@id\":\"https:\\\/\\\/patriciamesina.com\\\/ca\\\/#website\",\"url\":\"https:\\\/\\\/patriciamesina.com\\\/ca\\\/\",\"name\":\"Patricia Mesina\",\"description\":\"Gu\u00eda de Monta\u00f1a en Andorra\\\/Expediciones emocionantes de alta monta\u00f1a por el Desierto de Atacama y aventuras inolvidables en esqu\u00ed de monta\u00f1a, raquetas de nieve, v\u00edas ferrata por Andorra\",\"publisher\":{\"@id\":\"https:\\\/\\\/patriciamesina.com\\\/ca\\\/#\\\/schema\\\/person\\\/e5c5ac35eb41745510f2176a948d573b\"},\"alternateName\":\"Patricia Mesina\",\"potentialAction\":[{\"@type\":\"SearchAction\",\"target\":{\"@type\":\"EntryPoint\",\"urlTemplate\":\"https:\\\/\\\/patriciamesina.com\\\/ca\\\/?s={search_term_string}\"},\"query-input\":{\"@type\":\"PropertyValueSpecification\",\"valueRequired\":true,\"valueName\":\"search_term_string\"}}],\"inLanguage\":\"ca\"},{\"@type\":[\"Person\",\"Organization\"],\"@id\":\"https:\\\/\\\/patriciamesina.com\\\/ca\\\/#\\\/schema\\\/person\\\/e5c5ac35eb41745510f2176a948d573b\",\"name\":\"Patricia Mesina\",\"image\":{\"@type\":\"ImageObject\",\"inLanguage\":\"ca\",\"@id\":\"https:\\\/\\\/patriciamesina.com\\\/wp-content\\\/uploads\\\/2023\\\/03\\\/patricia-mesina-logo-blue.svg\",\"url\":\"https:\\\/\\\/patriciamesina.com\\\/wp-content\\\/uploads\\\/2023\\\/03\\\/patricia-mesina-logo-blue.svg\",\"contentUrl\":\"https:\\\/\\\/patriciamesina.com\\\/wp-content\\\/uploads\\\/2023\\\/03\\\/patricia-mesina-logo-blue.svg\",\"width\":349,\"height\":264,\"caption\":\"Patricia Mesina\"},\"logo\":{\"@id\":\"https:\\\/\\\/patriciamesina.com\\\/wp-content\\\/uploads\\\/2023\\\/03\\\/patricia-mesina-logo-blue.svg\"},\"sameAs\":[\"https:\\\/\\\/www.facebook.com\\\/TuGuiaPati\",\"https:\\\/\\\/www.instagram.com\\\/patriciamesina.guia\\\/\"]},{\"@type\":\"Person\",\"@id\":\"https:\\\/\\\/patriciamesina.com\\\/ca\\\/#\\\/schema\\\/person\\\/300f1e80501e94e7c39723bbee6b11a7\",\"name\":\"YoureBLD23\",\"sameAs\":[\"https:\\\/\\\/patriciamesina.com\"]}]}<\/script>\n<!-- \/ Yoast SEO plugin. -->","yoast_head_json":{"title":"Port de Siguer - Estany Blau - 2399 m * Patricia Mesina","robots":{"index":"index","follow":"follow","max-snippet":"max-snippet:-1","max-image-preview":"max-image-preview:large","max-video-preview":"max-video-preview:-1"},"canonical":"https:\/\/patriciamesina.com\/ca\/port-de-siguer-estany-blau-2399-m\/","og_locale":"ca_ES","og_type":"article","og_title":"Port de Siguer - Estany Blau - 2399 m * Patricia Mesina","og_description":"Nivell t\u00e8cnic Moderat Nivell F\u00edsic Moderat Dist\u00e0ncia 10,8 km Desnivell +711 m -711 m Durada 4-5 H Esqu\u00ed de muntanya a Port de Siguer i Estany Blau, Andorra. Nivell Intermedi. Viu l&#8217;emoci\u00f3 de l&#8217;esqu\u00ed de muntanya a Port de Siguer i l&#8217;Estany Blau, Andorra! Nivell intermedi. Iniciem la sortida del p\u00e0rquing de Sorteny rumb a [&hellip;]","og_url":"https:\/\/patriciamesina.com\/ca\/port-de-siguer-estany-blau-2399-m\/","og_site_name":"Patricia Mesina","article_publisher":"https:\/\/www.facebook.com\/TuGuiaPati","article_published_time":"2024-10-20T16:14:36+00:00","article_modified_time":"2024-10-24T16:17:53+00:00","og_image":[{"width":1000,"height":650,"url":"https:\/\/patriciamesina.com\/wp-content\/uploads\/2023\/05\/port-siguer-estany-blau.jpg","type":"image\/jpeg"}],"author":"YoureBLD23","twitter_card":"summary_large_image","twitter_misc":{"Escrit per":"YoureBLD23","Temps estimat de lectura":"1 minut"},"schema":{"@context":"https:\/\/schema.org","@graph":[{"@type":"Article","@id":"https:\/\/patriciamesina.com\/ca\/port-de-siguer-estany-blau-2399-m\/#article","isPartOf":{"@id":"https:\/\/patriciamesina.com\/ca\/port-de-siguer-estany-blau-2399-m\/"},"author":{"name":"YoureBLD23","@id":"https:\/\/patriciamesina.com\/ca\/#\/schema\/person\/300f1e80501e94e7c39723bbee6b11a7"},"headline":"Port de Siguer &#8211; Estany Blau &#8211; 2399 m","datePublished":"2024-10-20T16:14:36+00:00","dateModified":"2024-10-24T16:17:53+00:00","mainEntityOfPage":{"@id":"https:\/\/patriciamesina.com\/ca\/port-de-siguer-estany-blau-2399-m\/"},"wordCount":209,"publisher":{"@id":"https:\/\/patriciamesina.com\/ca\/#\/schema\/person\/e5c5ac35eb41745510f2176a948d573b"},"image":{"@id":"https:\/\/patriciamesina.com\/ca\/port-de-siguer-estany-blau-2399-m\/#primaryimage"},"thumbnailUrl":"https:\/\/patriciamesina.com\/wp-content\/uploads\/2023\/05\/port-siguer-estany-blau.jpg","articleSection":["Guia de muntanya a Andorra","Tardor i hivern a Andorra"],"inLanguage":"ca"},{"@type":"WebPage","@id":"https:\/\/patriciamesina.com\/ca\/port-de-siguer-estany-blau-2399-m\/","url":"https:\/\/patriciamesina.com\/ca\/port-de-siguer-estany-blau-2399-m\/","name":"Port de Siguer - Estany Blau - 2399 m * Patricia Mesina","isPartOf":{"@id":"https:\/\/patriciamesina.com\/ca\/#website"},"primaryImageOfPage":{"@id":"https:\/\/patriciamesina.com\/ca\/port-de-siguer-estany-blau-2399-m\/#primaryimage"},"image":{"@id":"https:\/\/patriciamesina.com\/ca\/port-de-siguer-estany-blau-2399-m\/#primaryimage"},"thumbnailUrl":"https:\/\/patriciamesina.com\/wp-content\/uploads\/2023\/05\/port-siguer-estany-blau.jpg","datePublished":"2024-10-20T16:14:36+00:00","dateModified":"2024-10-24T16:17:53+00:00","breadcrumb":{"@id":"https:\/\/patriciamesina.com\/ca\/port-de-siguer-estany-blau-2399-m\/#breadcrumb"},"inLanguage":"ca","potentialAction":[{"@type":"ReadAction","target":["https:\/\/patriciamesina.com\/ca\/port-de-siguer-estany-blau-2399-m\/"]}]},{"@type":"ImageObject","inLanguage":"ca","@id":"https:\/\/patriciamesina.com\/ca\/port-de-siguer-estany-blau-2399-m\/#primaryimage","url":"https:\/\/patriciamesina.com\/wp-content\/uploads\/2023\/05\/port-siguer-estany-blau.jpg","contentUrl":"https:\/\/patriciamesina.com\/wp-content\/uploads\/2023\/05\/port-siguer-estany-blau.jpg","width":1000,"height":650},{"@type":"BreadcrumbList","@id":"https:\/\/patriciamesina.com\/ca\/port-de-siguer-estany-blau-2399-m\/#breadcrumb","itemListElement":[{"@type":"ListItem","position":1,"name":"Portada","item":"https:\/\/patriciamesina.com\/ca\/"},{"@type":"ListItem","position":2,"name":"Port de Siguer &#8211; Estany Blau &#8211; 2399 m"}]},{"@type":"WebSite","@id":"https:\/\/patriciamesina.com\/ca\/#website","url":"https:\/\/patriciamesina.com\/ca\/","name":"Patricia Mesina","description":"Gu\u00eda de Monta\u00f1a en Andorra\/Expediciones emocionantes de alta monta\u00f1a por el Desierto de Atacama y aventuras inolvidables en esqu\u00ed de monta\u00f1a, raquetas de nieve, v\u00edas ferrata por Andorra","publisher":{"@id":"https:\/\/patriciamesina.com\/ca\/#\/schema\/person\/e5c5ac35eb41745510f2176a948d573b"},"alternateName":"Patricia Mesina","potentialAction":[{"@type":"SearchAction","target":{"@type":"EntryPoint","urlTemplate":"https:\/\/patriciamesina.com\/ca\/?s={search_term_string}"},"query-input":{"@type":"PropertyValueSpecification","valueRequired":true,"valueName":"search_term_string"}}],"inLanguage":"ca"},{"@type":["Person","Organization"],"@id":"https:\/\/patriciamesina.com\/ca\/#\/schema\/person\/e5c5ac35eb41745510f2176a948d573b","name":"Patricia Mesina","image":{"@type":"ImageObject","inLanguage":"ca","@id":"https:\/\/patriciamesina.com\/wp-content\/uploads\/2023\/03\/patricia-mesina-logo-blue.svg","url":"https:\/\/patriciamesina.com\/wp-content\/uploads\/2023\/03\/patricia-mesina-logo-blue.svg","contentUrl":"https:\/\/patriciamesina.com\/wp-content\/uploads\/2023\/03\/patricia-mesina-logo-blue.svg","width":349,"height":264,"caption":"Patricia Mesina"},"logo":{"@id":"https:\/\/patriciamesina.com\/wp-content\/uploads\/2023\/03\/patricia-mesina-logo-blue.svg"},"sameAs":["https:\/\/www.facebook.com\/TuGuiaPati","https:\/\/www.instagram.com\/patriciamesina.guia\/"]},{"@type":"Person","@id":"https:\/\/patriciamesina.com\/ca\/#\/schema\/person\/300f1e80501e94e7c39723bbee6b11a7","name":"YoureBLD23","sameAs":["https:\/\/patriciamesina.com"]}]}},"_links":{"self":[{"href":"https:\/\/patriciamesina.com\/ca\/wp-json\/wp\/v2\/posts\/2788","targetHints":{"allow":["GET"]}}],"collection":[{"href":"https:\/\/patriciamesina.com\/ca\/wp-json\/wp\/v2\/posts"}],"about":[{"href":"https:\/\/patriciamesina.com\/ca\/wp-json\/wp\/v2\/types\/post"}],"author":[{"embeddable":true,"href":"https:\/\/patriciamesina.com\/ca\/wp-json\/wp\/v2\/users\/1"}],"replies":[{"embeddable":true,"href":"https:\/\/patriciamesina.com\/ca\/wp-json\/wp\/v2\/comments?post=2788"}],"version-history":[{"count":2,"href":"https:\/\/patriciamesina.com\/ca\/wp-json\/wp\/v2\/posts\/2788\/revisions"}],"predecessor-version":[{"id":3412,"href":"https:\/\/patriciamesina.com\/ca\/wp-json\/wp\/v2\/posts\/2788\/revisions\/3412"}],"wp:featuredmedia":[{"embeddable":true,"href":"https:\/\/patriciamesina.com\/ca\/wp-json\/wp\/v2\/media\/2643"}],"wp:attachment":[{"href":"https:\/\/patriciamesina.com\/ca\/wp-json\/wp\/v2\/media?parent=2788"}],"wp:term":[{"taxonomy":"category","embeddable":true,"href":"https:\/\/patriciamesina.com\/ca\/wp-json\/wp\/v2\/categories?post=2788"},{"taxonomy":"post_tag","embeddable":true,"href":"https:\/\/patriciamesina.com\/ca\/wp-json\/wp\/v2\/tags?post=2788"}],"curies":[{"name":"wp","href":"https:\/\/api.w.org\/{rel}","templated":true}]}}