{"id":2777,"date":"2024-10-12T12:37:17","date_gmt":"2024-10-12T12:37:17","guid":{"rendered":"https:\/\/patriciamesina.com\/circular-cara-est-de-la-vall-dincles-i-4-llacs\/"},"modified":"2024-10-24T16:26:52","modified_gmt":"2024-10-24T16:26:52","slug":"circular-cara-est-de-la-vall-dincles-i-4-llacs","status":"publish","type":"post","link":"https:\/\/patriciamesina.com\/ca\/circular-cara-est-de-la-vall-dincles-i-4-llacs\/","title":{"rendered":"Circular cara est de la Vall d&#8217;Incles i 4 llacs"},"content":{"rendered":"\t\t<div data-elementor-type=\"wp-post\" data-elementor-id=\"2777\" class=\"elementor elementor-2777 elementor-505\" data-elementor-post-type=\"post\">\n\t\t\t\t\t\t<section class=\"elementor-section elementor-top-section elementor-element elementor-element-7d4bfd1 elementor-section-boxed elementor-section-height-default elementor-section-height-default\" data-id=\"7d4bfd1\" data-element_type=\"section\" data-e-type=\"section\">\n\t\t\t\t\t\t<div class=\"elementor-container elementor-column-gap-default\">\n\t\t\t\t\t<div class=\"elementor-column elementor-col-100 elementor-top-column elementor-element elementor-element-4ea5ed7\" data-id=\"4ea5ed7\" data-element_type=\"column\" data-e-type=\"column\">\n\t\t\t<div class=\"elementor-widget-wrap elementor-element-populated\">\n\t\t\t\t\t\t<section class=\"elementor-section elementor-inner-section elementor-element elementor-element-a9e5195 elementor-section-content-middle elementor-section-full_width elementor-section-height-default elementor-section-height-default\" data-id=\"a9e5195\" data-element_type=\"section\" data-e-type=\"section\">\n\t\t\t\t\t\t<div class=\"elementor-container elementor-column-gap-no\">\n\t\t\t\t\t<div class=\"elementor-column elementor-col-16 elementor-inner-column elementor-element elementor-element-d13c47b\" data-id=\"d13c47b\" data-element_type=\"column\" data-e-type=\"column\">\n\t\t\t<div class=\"elementor-widget-wrap elementor-element-populated\">\n\t\t\t\t\t\t<div class=\"elementor-element elementor-element-3c4f8e8 elementor-widget elementor-widget-heading\" data-id=\"3c4f8e8\" data-element_type=\"widget\" data-e-type=\"widget\" data-widget_type=\"heading.default\">\n\t\t\t\t<div class=\"elementor-widget-container\">\n\t\t\t\t\t<h6 class=\"elementor-heading-title elementor-size-default\">Dificultat<\/h6>\t\t\t\t<\/div>\n\t\t\t\t<\/div>\n\t\t\t\t<div class=\"elementor-element elementor-element-43a2cf5 elementor-widget-divider--view-line_icon elementor-view-default elementor-widget-divider--element-align-center elementor-widget elementor-widget-divider\" data-id=\"43a2cf5\" data-element_type=\"widget\" data-e-type=\"widget\" data-widget_type=\"divider.default\">\n\t\t\t\t<div class=\"elementor-widget-container\">\n\t\t\t\t\t\t\t<div class=\"elementor-divider\">\n\t\t\t<span class=\"elementor-divider-separator\">\n\t\t\t\t\t\t\t<div class=\"elementor-icon elementor-divider__element\">\n\t\t\t\t\t<i aria-hidden=\"true\" class=\"fas fa-circle\"><\/i><\/div>\n\t\t\t\t\t\t<\/span>\n\t\t<\/div>\n\t\t\t\t\t\t<\/div>\n\t\t\t\t<\/div>\n\t\t\t\t<div class=\"elementor-element elementor-element-b80bf78 elementor-widget elementor-widget-heading\" data-id=\"b80bf78\" data-element_type=\"widget\" data-e-type=\"widget\" data-widget_type=\"heading.default\">\n\t\t\t\t<div class=\"elementor-widget-container\">\n\t\t\t\t\t<h6 class=\"elementor-heading-title elementor-size-default\">Mitjana<\/h6>\t\t\t\t<\/div>\n\t\t\t\t<\/div>\n\t\t\t\t\t<\/div>\n\t\t<\/div>\n\t\t\t\t<div class=\"elementor-column elementor-col-16 elementor-inner-column elementor-element elementor-element-b8e8488\" data-id=\"b8e8488\" data-element_type=\"column\" data-e-type=\"column\">\n\t\t\t<div class=\"elementor-widget-wrap elementor-element-populated\">\n\t\t\t\t\t\t<div class=\"elementor-element elementor-element-ff24e7f elementor-widget elementor-widget-heading\" data-id=\"ff24e7f\" data-element_type=\"widget\" data-e-type=\"widget\" data-widget_type=\"heading.default\">\n\t\t\t\t<div class=\"elementor-widget-container\">\n\t\t\t\t\t<h6 class=\"elementor-heading-title elementor-size-default\">Dist\u00e0ncia<\/h6>\t\t\t\t<\/div>\n\t\t\t\t<\/div>\n\t\t\t\t<div class=\"elementor-element elementor-element-fbb92d7 elementor-widget-divider--view-line_icon elementor-view-default elementor-widget-divider--element-align-center elementor-widget elementor-widget-divider\" data-id=\"fbb92d7\" data-element_type=\"widget\" data-e-type=\"widget\" data-widget_type=\"divider.default\">\n\t\t\t\t<div class=\"elementor-widget-container\">\n\t\t\t\t\t\t\t<div class=\"elementor-divider\">\n\t\t\t<span class=\"elementor-divider-separator\">\n\t\t\t\t\t\t\t<div class=\"elementor-icon elementor-divider__element\">\n\t\t\t\t\t<i aria-hidden=\"true\" class=\"fas fa-circle\"><\/i><\/div>\n\t\t\t\t\t\t<\/span>\n\t\t<\/div>\n\t\t\t\t\t\t<\/div>\n\t\t\t\t<\/div>\n\t\t\t\t<div class=\"elementor-element elementor-element-fdfaa9f elementor-widget elementor-widget-heading\" data-id=\"fdfaa9f\" data-element_type=\"widget\" data-e-type=\"widget\" data-widget_type=\"heading.default\">\n\t\t\t\t<div class=\"elementor-widget-container\">\n\t\t\t\t\t<h6 class=\"elementor-heading-title elementor-size-default\">13,3 km<\/h6>\t\t\t\t<\/div>\n\t\t\t\t<\/div>\n\t\t\t\t\t<\/div>\n\t\t<\/div>\n\t\t\t\t<div class=\"elementor-column elementor-col-16 elementor-inner-column elementor-element elementor-element-aedbf75\" data-id=\"aedbf75\" data-element_type=\"column\" data-e-type=\"column\">\n\t\t\t<div class=\"elementor-widget-wrap elementor-element-populated\">\n\t\t\t\t\t\t<div class=\"elementor-element elementor-element-54251e0 elementor-widget elementor-widget-heading\" data-id=\"54251e0\" data-element_type=\"widget\" data-e-type=\"widget\" data-widget_type=\"heading.default\">\n\t\t\t\t<div class=\"elementor-widget-container\">\n\t\t\t\t\t<h6 class=\"elementor-heading-title elementor-size-default\">Desnivell<\/h6>\t\t\t\t<\/div>\n\t\t\t\t<\/div>\n\t\t\t\t<div class=\"elementor-element elementor-element-4667a37 elementor-widget-divider--view-line_icon elementor-view-default elementor-widget-divider--element-align-center elementor-widget elementor-widget-divider\" data-id=\"4667a37\" data-element_type=\"widget\" data-e-type=\"widget\" data-widget_type=\"divider.default\">\n\t\t\t\t<div class=\"elementor-widget-container\">\n\t\t\t\t\t\t\t<div class=\"elementor-divider\">\n\t\t\t<span class=\"elementor-divider-separator\">\n\t\t\t\t\t\t\t<div class=\"elementor-icon elementor-divider__element\">\n\t\t\t\t\t<i aria-hidden=\"true\" class=\"fas fa-circle\"><\/i><\/div>\n\t\t\t\t\t\t<\/span>\n\t\t<\/div>\n\t\t\t\t\t\t<\/div>\n\t\t\t\t<\/div>\n\t\t\t\t<div class=\"elementor-element elementor-element-d45a8f8 elementor-widget elementor-widget-heading\" data-id=\"d45a8f8\" data-element_type=\"widget\" data-e-type=\"widget\" data-widget_type=\"heading.default\">\n\t\t\t\t<div class=\"elementor-widget-container\">\n\t\t\t\t\t<h6 class=\"elementor-heading-title elementor-size-default\">+694m -890m<\/h6>\t\t\t\t<\/div>\n\t\t\t\t<\/div>\n\t\t\t\t\t<\/div>\n\t\t<\/div>\n\t\t\t\t<div class=\"elementor-column elementor-col-16 elementor-inner-column elementor-element elementor-element-1024ed2\" data-id=\"1024ed2\" data-element_type=\"column\" data-e-type=\"column\">\n\t\t\t<div class=\"elementor-widget-wrap elementor-element-populated\">\n\t\t\t\t\t\t<div class=\"elementor-element elementor-element-502da52 elementor-widget elementor-widget-heading\" data-id=\"502da52\" data-element_type=\"widget\" data-e-type=\"widget\" data-widget_type=\"heading.default\">\n\t\t\t\t<div class=\"elementor-widget-container\">\n\t\t\t\t\t<h6 class=\"elementor-heading-title elementor-size-default\">Punt inici<\/h6>\t\t\t\t<\/div>\n\t\t\t\t<\/div>\n\t\t\t\t<div class=\"elementor-element elementor-element-978cdba elementor-widget-divider--view-line_icon elementor-view-default elementor-widget-divider--element-align-center elementor-widget elementor-widget-divider\" data-id=\"978cdba\" data-element_type=\"widget\" data-e-type=\"widget\" data-widget_type=\"divider.default\">\n\t\t\t\t<div class=\"elementor-widget-container\">\n\t\t\t\t\t\t\t<div class=\"elementor-divider\">\n\t\t\t<span class=\"elementor-divider-separator\">\n\t\t\t\t\t\t\t<div class=\"elementor-icon elementor-divider__element\">\n\t\t\t\t\t<i aria-hidden=\"true\" class=\"fas fa-circle\"><\/i><\/div>\n\t\t\t\t\t\t<\/span>\n\t\t<\/div>\n\t\t\t\t\t\t<\/div>\n\t\t\t\t<\/div>\n\t\t\t\t<div class=\"elementor-element elementor-element-0cd85f9 elementor-widget elementor-widget-heading\" data-id=\"0cd85f9\" data-element_type=\"widget\" data-e-type=\"widget\" data-widget_type=\"heading.default\">\n\t\t\t\t<div class=\"elementor-widget-container\">\n\t\t\t\t\t<h6 class=\"elementor-heading-title elementor-size-default\">1747 m<\/h6>\t\t\t\t<\/div>\n\t\t\t\t<\/div>\n\t\t\t\t\t<\/div>\n\t\t<\/div>\n\t\t\t\t<div class=\"elementor-column elementor-col-16 elementor-inner-column elementor-element elementor-element-ed41d1e\" data-id=\"ed41d1e\" data-element_type=\"column\" data-e-type=\"column\">\n\t\t\t<div class=\"elementor-widget-wrap elementor-element-populated\">\n\t\t\t\t\t\t<div class=\"elementor-element elementor-element-302b639 elementor-widget elementor-widget-heading\" data-id=\"302b639\" data-element_type=\"widget\" data-e-type=\"widget\" data-widget_type=\"heading.default\">\n\t\t\t\t<div class=\"elementor-widget-container\">\n\t\t\t\t\t<h6 class=\"elementor-heading-title elementor-size-default\">Punt + alt<\/h6>\t\t\t\t<\/div>\n\t\t\t\t<\/div>\n\t\t\t\t<div class=\"elementor-element elementor-element-ee988c6 elementor-widget-divider--view-line_icon elementor-view-default elementor-widget-divider--element-align-center elementor-widget elementor-widget-divider\" data-id=\"ee988c6\" data-element_type=\"widget\" data-e-type=\"widget\" data-widget_type=\"divider.default\">\n\t\t\t\t<div class=\"elementor-widget-container\">\n\t\t\t\t\t\t\t<div class=\"elementor-divider\">\n\t\t\t<span class=\"elementor-divider-separator\">\n\t\t\t\t\t\t\t<div class=\"elementor-icon elementor-divider__element\">\n\t\t\t\t\t<i aria-hidden=\"true\" class=\"fas fa-circle\"><\/i><\/div>\n\t\t\t\t\t\t<\/span>\n\t\t<\/div>\n\t\t\t\t\t\t<\/div>\n\t\t\t\t<\/div>\n\t\t\t\t<div class=\"elementor-element elementor-element-145b7d9 elementor-widget elementor-widget-heading\" data-id=\"145b7d9\" data-element_type=\"widget\" data-e-type=\"widget\" data-widget_type=\"heading.default\">\n\t\t\t\t<div class=\"elementor-widget-container\">\n\t\t\t\t\t<h6 class=\"elementor-heading-title elementor-size-default\">2395 M<\/h6>\t\t\t\t<\/div>\n\t\t\t\t<\/div>\n\t\t\t\t\t<\/div>\n\t\t<\/div>\n\t\t\t\t<div class=\"elementor-column elementor-col-16 elementor-inner-column elementor-element elementor-element-8132b0d\" data-id=\"8132b0d\" data-element_type=\"column\" data-e-type=\"column\">\n\t\t\t<div class=\"elementor-widget-wrap elementor-element-populated\">\n\t\t\t\t\t\t<div class=\"elementor-element elementor-element-7e69fd0 elementor-widget elementor-widget-heading\" data-id=\"7e69fd0\" data-element_type=\"widget\" data-e-type=\"widget\" data-widget_type=\"heading.default\">\n\t\t\t\t<div class=\"elementor-widget-container\">\n\t\t\t\t\t<h6 class=\"elementor-heading-title elementor-size-default\">Durada<\/h6>\t\t\t\t<\/div>\n\t\t\t\t<\/div>\n\t\t\t\t<div class=\"elementor-element elementor-element-da4ef44 elementor-widget-divider--view-line_icon elementor-view-default elementor-widget-divider--element-align-center elementor-widget elementor-widget-divider\" data-id=\"da4ef44\" data-element_type=\"widget\" data-e-type=\"widget\" data-widget_type=\"divider.default\">\n\t\t\t\t<div class=\"elementor-widget-container\">\n\t\t\t\t\t\t\t<div class=\"elementor-divider\">\n\t\t\t<span class=\"elementor-divider-separator\">\n\t\t\t\t\t\t\t<div class=\"elementor-icon elementor-divider__element\">\n\t\t\t\t\t<i aria-hidden=\"true\" class=\"fas fa-circle\"><\/i><\/div>\n\t\t\t\t\t\t<\/span>\n\t\t<\/div>\n\t\t\t\t\t\t<\/div>\n\t\t\t\t<\/div>\n\t\t\t\t<div class=\"elementor-element elementor-element-995d567 elementor-widget elementor-widget-heading\" data-id=\"995d567\" data-element_type=\"widget\" data-e-type=\"widget\" data-widget_type=\"heading.default\">\n\t\t\t\t<div class=\"elementor-widget-container\">\n\t\t\t\t\t<h6 class=\"elementor-heading-title elementor-size-default\">9 h<\/h6>\t\t\t\t<\/div>\n\t\t\t\t<\/div>\n\t\t\t\t\t<\/div>\n\t\t<\/div>\n\t\t\t\t\t<\/div>\n\t\t<\/section>\n\t\t\t\t\t<\/div>\n\t\t<\/div>\n\t\t\t\t\t<\/div>\n\t\t<\/section>\n\t\t\t\t<section class=\"elementor-section elementor-top-section elementor-element elementor-element-6f501ae elementor-section-boxed elementor-section-height-default elementor-section-height-default\" data-id=\"6f501ae\" data-element_type=\"section\" data-e-type=\"section\">\n\t\t\t\t\t\t<div class=\"elementor-container elementor-column-gap-default\">\n\t\t\t\t\t<div class=\"elementor-column elementor-col-100 elementor-top-column elementor-element elementor-element-d861754\" data-id=\"d861754\" data-element_type=\"column\" data-e-type=\"column\">\n\t\t\t<div class=\"elementor-widget-wrap elementor-element-populated\">\n\t\t\t\t\t\t<div class=\"elementor-element elementor-element-776b0ca elementor-widget elementor-widget-text-editor\" data-id=\"776b0ca\" data-element_type=\"widget\" data-e-type=\"widget\" data-widget_type=\"text-editor.default\">\n\t\t\t\t<div class=\"elementor-widget-container\">\n\t\t\t\t\t\t\t\t\t<h2>Ruta circular cara est de la Vall d&#8217;Incles i 4 llacs: Querol, Basses Salamandres, Cabana sorda, L&#8217;Illa.<\/h2>\n<p>L&#8217;itinerari comen\u00e7a a les Vores del Marticella 1930 m per un corriol comunal cap al primer llac, Estany\u00f3 del Querol 2300 m.<\/p>\n<p>Continuem l&#8217;ascensi\u00f3 passant per les Basses de les Salamandres 2347 m Observaci\u00f3 i informaci\u00f3 de la flora i la fauna que ens anem trobant. Prosseguim la ruta cap al llac de Cabana sorda 2290 m, fem una parada al refugi de cabana sorda aprofitem de menjar i beure per continuar la nostra excursi\u00f3.<\/p>\n<p>Finalment reiniciem l\u00b4excursi\u00f3 cap a l\u00b4Estany de l\u00b4Illa 2370 m, final de l\u00b4objectiu.<\/p>\n<p>Iniciem el retorn per un nou sender que ens portar\u00e0 al cam\u00ed de la Vall d&#8217;Incles, contemplarem una vall t\u00edpica a U, her\u00e8ncia d&#8217;una antiga glacera, rica en flora i fauna. La vall d&#8217;Incles \u00e9s una de les valls m\u00e9s belles d&#8217;Andorra, atractiva per la seva hist\u00f2ria i naturalesa. \u00c9s una excursi\u00f3 que integra geologia, flora i fauna, hist\u00f2ria i llegendes.<\/p>\n\t\t\t\t\t\t\t\t<\/div>\n\t\t\t\t<\/div>\n\t\t\t\t<div class=\"elementor-element elementor-element-74dfaa2 elementor-widget elementor-widget-button\" data-id=\"74dfaa2\" data-element_type=\"widget\" data-e-type=\"widget\" data-widget_type=\"button.default\">\n\t\t\t\t<div class=\"elementor-widget-container\">\n\t\t\t\t\t\t\t\t\t<div class=\"elementor-button-wrapper\">\n\t\t\t\t\t<a class=\"elementor-button elementor-button-link elementor-size-xs\" href=\"https:\/\/patriciamesina.com\/ca\/contacta\/\">\n\t\t\t\t\t\t<span class=\"elementor-button-content-wrapper\">\n\t\t\t\t\t\t\t\t\t<span class=\"elementor-button-text\">Vull fer aquesta ruta<\/span>\n\t\t\t\t\t<\/span>\n\t\t\t\t\t<\/a>\n\t\t\t\t<\/div>\n\t\t\t\t\t\t\t\t<\/div>\n\t\t\t\t<\/div>\n\t\t\t\t\t<\/div>\n\t\t<\/div>\n\t\t\t\t\t<\/div>\n\t\t<\/section>\n\t\t\t\t<section class=\"elementor-section elementor-top-section elementor-element elementor-element-99b533f elementor-section-boxed elementor-section-height-default elementor-section-height-default\" data-id=\"99b533f\" data-element_type=\"section\" data-e-type=\"section\">\n\t\t\t\t\t\t<div class=\"elementor-container elementor-column-gap-default\">\n\t\t\t\t\t<div class=\"elementor-column elementor-col-100 elementor-top-column elementor-element elementor-element-bafc562\" data-id=\"bafc562\" data-element_type=\"column\" data-e-type=\"column\">\n\t\t\t<div class=\"elementor-widget-wrap elementor-element-populated\">\n\t\t\t\t\t\t<div class=\"elementor-element elementor-element-d79c66b elementor-widget elementor-widget-gallery\" data-id=\"d79c66b\" data-element_type=\"widget\" data-e-type=\"widget\" data-settings=\"{&quot;gallery_layout&quot;:&quot;justified&quot;,&quot;gap&quot;:{&quot;unit&quot;:&quot;px&quot;,&quot;size&quot;:20,&quot;sizes&quot;:[]},&quot;lazyload&quot;:&quot;yes&quot;,&quot;ideal_row_height&quot;:{&quot;unit&quot;:&quot;px&quot;,&quot;size&quot;:200,&quot;sizes&quot;:[]},&quot;ideal_row_height_tablet&quot;:{&quot;unit&quot;:&quot;px&quot;,&quot;size&quot;:150,&quot;sizes&quot;:[]},&quot;ideal_row_height_mobile&quot;:{&quot;unit&quot;:&quot;px&quot;,&quot;size&quot;:150,&quot;sizes&quot;:[]},&quot;gap_tablet&quot;:{&quot;unit&quot;:&quot;px&quot;,&quot;size&quot;:10,&quot;sizes&quot;:[]},&quot;gap_mobile&quot;:{&quot;unit&quot;:&quot;px&quot;,&quot;size&quot;:10,&quot;sizes&quot;:[]},&quot;content_hover_animation&quot;:&quot;fade-in&quot;}\" data-widget_type=\"gallery.default\">\n\t\t\t\t<div class=\"elementor-widget-container\">\n\t\t\t\t\t\t\t<div class=\"elementor-gallery__container\">\n\t\t\t\t\t\t\t<div class=\"e-gallery-item elementor-gallery-item elementor-animated-content\">\n\t\t\t\t\t<div class=\"e-gallery-image elementor-gallery-item__image\" data-thumbnail=\"https:\/\/patriciamesina.com\/wp-content\/uploads\/2023\/05\/nutrias-andorra.jpg\" data-width=\"507\" data-height=\"507\" aria-label=\"\" role=\"img\" ><\/div>\n\t\t\t\t\t\t\t\t\t\t\t\t\t\t<\/div>\n\t\t\t\t\t\t\t<div class=\"e-gallery-item elementor-gallery-item elementor-animated-content\">\n\t\t\t\t\t<div class=\"e-gallery-image elementor-gallery-item__image\" data-thumbnail=\"https:\/\/patriciamesina.com\/wp-content\/uploads\/2023\/05\/circular-vall-d-incles-768x354.jpg\" data-width=\"768\" data-height=\"354\" aria-label=\"\" role=\"img\" ><\/div>\n\t\t\t\t\t\t\t\t\t\t\t\t\t\t<\/div>\n\t\t\t\t\t\t\t<div class=\"e-gallery-item elementor-gallery-item elementor-animated-content\">\n\t\t\t\t\t<div class=\"e-gallery-image elementor-gallery-item__image\" data-thumbnail=\"https:\/\/patriciamesina.com\/wp-content\/uploads\/2023\/05\/ruta-circular-circo-Pessons-Andorra-768x499.jpg\" data-width=\"768\" data-height=\"499\" aria-label=\"\" role=\"img\" ><\/div>\n\t\t\t\t\t\t\t\t\t\t\t\t\t\t<\/div>\n\t\t\t\t\t<\/div>\n\t\t\t\t\t<\/div>\n\t\t\t\t<\/div>\n\t\t\t\t\t<\/div>\n\t\t<\/div>\n\t\t\t\t\t<\/div>\n\t\t<\/section>\n\t\t\t\t<\/div>\n\t\t","protected":false},"excerpt":{"rendered":"<p>Dificultat Mitjana Dist\u00e0ncia 13,3 km Desnivell +694m -890m Punt inici 1747 m Punt + alt 2395 M Durada 9 h Ruta circular cara est de la Vall d&#8217;Incles i 4 llacs: Querol, Basses Salamandres, Cabana sorda, L&#8217;Illa. L&#8217;itinerari comen\u00e7a a les Vores del Marticella 1930 m per un corriol comunal cap al primer llac, Estany\u00f3 [&hellip;]<\/p>\n","protected":false},"author":1,"featured_media":2512,"comment_status":"closed","ping_status":"closed","sticky":false,"template":"","format":"standard","meta":{"inline_featured_image":false,"footnotes":""},"categories":[31,34],"tags":[],"class_list":["post-2777","post","type-post","status-publish","format-standard","has-post-thumbnail","hentry","category-guia-de-muntanya-a-andorra","category-primavera-i-estiu-a-andorra"],"yoast_head":"<!-- This site is optimized with the Yoast SEO plugin v27.3 - https:\/\/yoast.com\/product\/yoast-seo-wordpress\/ -->\n<title>Circular cara est de la Vall d&#039;Incles i 4 llacs * Patricia Mesina<\/title>\n<meta name=\"robots\" content=\"index, follow, max-snippet:-1, max-image-preview:large, max-video-preview:-1\" \/>\n<link rel=\"canonical\" href=\"https:\/\/patriciamesina.com\/ca\/circular-cara-est-de-la-vall-dincles-i-4-llacs\/\" \/>\n<meta property=\"og:locale\" content=\"ca_ES\" \/>\n<meta property=\"og:type\" content=\"article\" \/>\n<meta property=\"og:title\" content=\"Circular cara est de la Vall d&#039;Incles i 4 llacs * Patricia Mesina\" \/>\n<meta property=\"og:description\" content=\"Dificultat Mitjana Dist\u00e0ncia 13,3 km Desnivell +694m -890m Punt inici 1747 m Punt + alt 2395 M Durada 9 h Ruta circular cara est de la Vall d&#8217;Incles i 4 llacs: Querol, Basses Salamandres, Cabana sorda, L&#8217;Illa. L&#8217;itinerari comen\u00e7a a les Vores del Marticella 1930 m per un corriol comunal cap al primer llac, Estany\u00f3 [&hellip;]\" \/>\n<meta property=\"og:url\" content=\"https:\/\/patriciamesina.com\/ca\/circular-cara-est-de-la-vall-dincles-i-4-llacs\/\" \/>\n<meta property=\"og:site_name\" content=\"Patricia Mesina\" \/>\n<meta property=\"article:publisher\" content=\"https:\/\/www.facebook.com\/TuGuiaPati\" \/>\n<meta property=\"article:published_time\" content=\"2024-10-12T12:37:17+00:00\" \/>\n<meta property=\"article:modified_time\" content=\"2024-10-24T16:26:52+00:00\" \/>\n<meta property=\"og:image\" content=\"https:\/\/patriciamesina.com\/wp-content\/uploads\/2023\/05\/ruta-circular-circo-Pessons-Andorra.jpg\" \/>\n\t<meta property=\"og:image:width\" content=\"1100\" \/>\n\t<meta property=\"og:image:height\" content=\"715\" \/>\n\t<meta property=\"og:image:type\" content=\"image\/jpeg\" \/>\n<meta name=\"author\" content=\"YoureBLD23\" \/>\n<meta name=\"twitter:card\" content=\"summary_large_image\" \/>\n<meta name=\"twitter:label1\" content=\"Escrit per\" \/>\n\t<meta name=\"twitter:data1\" content=\"YoureBLD23\" \/>\n\t<meta name=\"twitter:label2\" content=\"Temps estimat de lectura\" \/>\n\t<meta name=\"twitter:data2\" content=\"1 minut\" \/>\n<script type=\"application\/ld+json\" class=\"yoast-schema-graph\">{\"@context\":\"https:\\\/\\\/schema.org\",\"@graph\":[{\"@type\":\"Article\",\"@id\":\"https:\\\/\\\/patriciamesina.com\\\/ca\\\/circular-cara-est-de-la-vall-dincles-i-4-llacs\\\/#article\",\"isPartOf\":{\"@id\":\"https:\\\/\\\/patriciamesina.com\\\/ca\\\/circular-cara-est-de-la-vall-dincles-i-4-llacs\\\/\"},\"author\":{\"name\":\"YoureBLD23\",\"@id\":\"https:\\\/\\\/patriciamesina.com\\\/ca\\\/#\\\/schema\\\/person\\\/300f1e80501e94e7c39723bbee6b11a7\"},\"headline\":\"Circular cara est de la Vall d&#8217;Incles i 4 llacs\",\"datePublished\":\"2024-10-12T12:37:17+00:00\",\"dateModified\":\"2024-10-24T16:26:52+00:00\",\"mainEntityOfPage\":{\"@id\":\"https:\\\/\\\/patriciamesina.com\\\/ca\\\/circular-cara-est-de-la-vall-dincles-i-4-llacs\\\/\"},\"wordCount\":209,\"publisher\":{\"@id\":\"https:\\\/\\\/patriciamesina.com\\\/ca\\\/#\\\/schema\\\/person\\\/e5c5ac35eb41745510f2176a948d573b\"},\"image\":{\"@id\":\"https:\\\/\\\/patriciamesina.com\\\/ca\\\/circular-cara-est-de-la-vall-dincles-i-4-llacs\\\/#primaryimage\"},\"thumbnailUrl\":\"https:\\\/\\\/patriciamesina.com\\\/wp-content\\\/uploads\\\/2023\\\/05\\\/ruta-circular-circo-Pessons-Andorra.jpg\",\"articleSection\":[\"Guia de muntanya a Andorra\",\"Primavera i Estiu a Andorra\"],\"inLanguage\":\"ca\"},{\"@type\":\"WebPage\",\"@id\":\"https:\\\/\\\/patriciamesina.com\\\/ca\\\/circular-cara-est-de-la-vall-dincles-i-4-llacs\\\/\",\"url\":\"https:\\\/\\\/patriciamesina.com\\\/ca\\\/circular-cara-est-de-la-vall-dincles-i-4-llacs\\\/\",\"name\":\"Circular cara est de la Vall d'Incles i 4 llacs * Patricia Mesina\",\"isPartOf\":{\"@id\":\"https:\\\/\\\/patriciamesina.com\\\/ca\\\/#website\"},\"primaryImageOfPage\":{\"@id\":\"https:\\\/\\\/patriciamesina.com\\\/ca\\\/circular-cara-est-de-la-vall-dincles-i-4-llacs\\\/#primaryimage\"},\"image\":{\"@id\":\"https:\\\/\\\/patriciamesina.com\\\/ca\\\/circular-cara-est-de-la-vall-dincles-i-4-llacs\\\/#primaryimage\"},\"thumbnailUrl\":\"https:\\\/\\\/patriciamesina.com\\\/wp-content\\\/uploads\\\/2023\\\/05\\\/ruta-circular-circo-Pessons-Andorra.jpg\",\"datePublished\":\"2024-10-12T12:37:17+00:00\",\"dateModified\":\"2024-10-24T16:26:52+00:00\",\"breadcrumb\":{\"@id\":\"https:\\\/\\\/patriciamesina.com\\\/ca\\\/circular-cara-est-de-la-vall-dincles-i-4-llacs\\\/#breadcrumb\"},\"inLanguage\":\"ca\",\"potentialAction\":[{\"@type\":\"ReadAction\",\"target\":[\"https:\\\/\\\/patriciamesina.com\\\/ca\\\/circular-cara-est-de-la-vall-dincles-i-4-llacs\\\/\"]}]},{\"@type\":\"ImageObject\",\"inLanguage\":\"ca\",\"@id\":\"https:\\\/\\\/patriciamesina.com\\\/ca\\\/circular-cara-est-de-la-vall-dincles-i-4-llacs\\\/#primaryimage\",\"url\":\"https:\\\/\\\/patriciamesina.com\\\/wp-content\\\/uploads\\\/2023\\\/05\\\/ruta-circular-circo-Pessons-Andorra.jpg\",\"contentUrl\":\"https:\\\/\\\/patriciamesina.com\\\/wp-content\\\/uploads\\\/2023\\\/05\\\/ruta-circular-circo-Pessons-Andorra.jpg\",\"width\":1100,\"height\":715},{\"@type\":\"BreadcrumbList\",\"@id\":\"https:\\\/\\\/patriciamesina.com\\\/ca\\\/circular-cara-est-de-la-vall-dincles-i-4-llacs\\\/#breadcrumb\",\"itemListElement\":[{\"@type\":\"ListItem\",\"position\":1,\"name\":\"Portada\",\"item\":\"https:\\\/\\\/patriciamesina.com\\\/ca\\\/\"},{\"@type\":\"ListItem\",\"position\":2,\"name\":\"Circular cara est de la Vall d&#8217;Incles i 4 llacs\"}]},{\"@type\":\"WebSite\",\"@id\":\"https:\\\/\\\/patriciamesina.com\\\/ca\\\/#website\",\"url\":\"https:\\\/\\\/patriciamesina.com\\\/ca\\\/\",\"name\":\"Patricia Mesina\",\"description\":\"Gu\u00eda de Monta\u00f1a en Andorra\\\/Expediciones emocionantes de alta monta\u00f1a por el Desierto de Atacama y aventuras inolvidables en esqu\u00ed de monta\u00f1a, raquetas de nieve, v\u00edas ferrata por Andorra\",\"publisher\":{\"@id\":\"https:\\\/\\\/patriciamesina.com\\\/ca\\\/#\\\/schema\\\/person\\\/e5c5ac35eb41745510f2176a948d573b\"},\"alternateName\":\"Patricia Mesina\",\"potentialAction\":[{\"@type\":\"SearchAction\",\"target\":{\"@type\":\"EntryPoint\",\"urlTemplate\":\"https:\\\/\\\/patriciamesina.com\\\/ca\\\/?s={search_term_string}\"},\"query-input\":{\"@type\":\"PropertyValueSpecification\",\"valueRequired\":true,\"valueName\":\"search_term_string\"}}],\"inLanguage\":\"ca\"},{\"@type\":[\"Person\",\"Organization\"],\"@id\":\"https:\\\/\\\/patriciamesina.com\\\/ca\\\/#\\\/schema\\\/person\\\/e5c5ac35eb41745510f2176a948d573b\",\"name\":\"Patricia Mesina\",\"image\":{\"@type\":\"ImageObject\",\"inLanguage\":\"ca\",\"@id\":\"https:\\\/\\\/patriciamesina.com\\\/wp-content\\\/uploads\\\/2023\\\/03\\\/patricia-mesina-logo-blue.svg\",\"url\":\"https:\\\/\\\/patriciamesina.com\\\/wp-content\\\/uploads\\\/2023\\\/03\\\/patricia-mesina-logo-blue.svg\",\"contentUrl\":\"https:\\\/\\\/patriciamesina.com\\\/wp-content\\\/uploads\\\/2023\\\/03\\\/patricia-mesina-logo-blue.svg\",\"width\":349,\"height\":264,\"caption\":\"Patricia Mesina\"},\"logo\":{\"@id\":\"https:\\\/\\\/patriciamesina.com\\\/wp-content\\\/uploads\\\/2023\\\/03\\\/patricia-mesina-logo-blue.svg\"},\"sameAs\":[\"https:\\\/\\\/www.facebook.com\\\/TuGuiaPati\",\"https:\\\/\\\/www.instagram.com\\\/patriciamesina.guia\\\/\"]},{\"@type\":\"Person\",\"@id\":\"https:\\\/\\\/patriciamesina.com\\\/ca\\\/#\\\/schema\\\/person\\\/300f1e80501e94e7c39723bbee6b11a7\",\"name\":\"YoureBLD23\",\"sameAs\":[\"https:\\\/\\\/patriciamesina.com\"]}]}<\/script>\n<!-- \/ Yoast SEO plugin. -->","yoast_head_json":{"title":"Circular cara est de la Vall d'Incles i 4 llacs * Patricia Mesina","robots":{"index":"index","follow":"follow","max-snippet":"max-snippet:-1","max-image-preview":"max-image-preview:large","max-video-preview":"max-video-preview:-1"},"canonical":"https:\/\/patriciamesina.com\/ca\/circular-cara-est-de-la-vall-dincles-i-4-llacs\/","og_locale":"ca_ES","og_type":"article","og_title":"Circular cara est de la Vall d'Incles i 4 llacs * Patricia Mesina","og_description":"Dificultat Mitjana Dist\u00e0ncia 13,3 km Desnivell +694m -890m Punt inici 1747 m Punt + alt 2395 M Durada 9 h Ruta circular cara est de la Vall d&#8217;Incles i 4 llacs: Querol, Basses Salamandres, Cabana sorda, L&#8217;Illa. L&#8217;itinerari comen\u00e7a a les Vores del Marticella 1930 m per un corriol comunal cap al primer llac, Estany\u00f3 [&hellip;]","og_url":"https:\/\/patriciamesina.com\/ca\/circular-cara-est-de-la-vall-dincles-i-4-llacs\/","og_site_name":"Patricia Mesina","article_publisher":"https:\/\/www.facebook.com\/TuGuiaPati","article_published_time":"2024-10-12T12:37:17+00:00","article_modified_time":"2024-10-24T16:26:52+00:00","og_image":[{"width":1100,"height":715,"url":"https:\/\/patriciamesina.com\/wp-content\/uploads\/2023\/05\/ruta-circular-circo-Pessons-Andorra.jpg","type":"image\/jpeg"}],"author":"YoureBLD23","twitter_card":"summary_large_image","twitter_misc":{"Escrit per":"YoureBLD23","Temps estimat de lectura":"1 minut"},"schema":{"@context":"https:\/\/schema.org","@graph":[{"@type":"Article","@id":"https:\/\/patriciamesina.com\/ca\/circular-cara-est-de-la-vall-dincles-i-4-llacs\/#article","isPartOf":{"@id":"https:\/\/patriciamesina.com\/ca\/circular-cara-est-de-la-vall-dincles-i-4-llacs\/"},"author":{"name":"YoureBLD23","@id":"https:\/\/patriciamesina.com\/ca\/#\/schema\/person\/300f1e80501e94e7c39723bbee6b11a7"},"headline":"Circular cara est de la Vall d&#8217;Incles i 4 llacs","datePublished":"2024-10-12T12:37:17+00:00","dateModified":"2024-10-24T16:26:52+00:00","mainEntityOfPage":{"@id":"https:\/\/patriciamesina.com\/ca\/circular-cara-est-de-la-vall-dincles-i-4-llacs\/"},"wordCount":209,"publisher":{"@id":"https:\/\/patriciamesina.com\/ca\/#\/schema\/person\/e5c5ac35eb41745510f2176a948d573b"},"image":{"@id":"https:\/\/patriciamesina.com\/ca\/circular-cara-est-de-la-vall-dincles-i-4-llacs\/#primaryimage"},"thumbnailUrl":"https:\/\/patriciamesina.com\/wp-content\/uploads\/2023\/05\/ruta-circular-circo-Pessons-Andorra.jpg","articleSection":["Guia de muntanya a Andorra","Primavera i Estiu a Andorra"],"inLanguage":"ca"},{"@type":"WebPage","@id":"https:\/\/patriciamesina.com\/ca\/circular-cara-est-de-la-vall-dincles-i-4-llacs\/","url":"https:\/\/patriciamesina.com\/ca\/circular-cara-est-de-la-vall-dincles-i-4-llacs\/","name":"Circular cara est de la Vall d'Incles i 4 llacs * Patricia Mesina","isPartOf":{"@id":"https:\/\/patriciamesina.com\/ca\/#website"},"primaryImageOfPage":{"@id":"https:\/\/patriciamesina.com\/ca\/circular-cara-est-de-la-vall-dincles-i-4-llacs\/#primaryimage"},"image":{"@id":"https:\/\/patriciamesina.com\/ca\/circular-cara-est-de-la-vall-dincles-i-4-llacs\/#primaryimage"},"thumbnailUrl":"https:\/\/patriciamesina.com\/wp-content\/uploads\/2023\/05\/ruta-circular-circo-Pessons-Andorra.jpg","datePublished":"2024-10-12T12:37:17+00:00","dateModified":"2024-10-24T16:26:52+00:00","breadcrumb":{"@id":"https:\/\/patriciamesina.com\/ca\/circular-cara-est-de-la-vall-dincles-i-4-llacs\/#breadcrumb"},"inLanguage":"ca","potentialAction":[{"@type":"ReadAction","target":["https:\/\/patriciamesina.com\/ca\/circular-cara-est-de-la-vall-dincles-i-4-llacs\/"]}]},{"@type":"ImageObject","inLanguage":"ca","@id":"https:\/\/patriciamesina.com\/ca\/circular-cara-est-de-la-vall-dincles-i-4-llacs\/#primaryimage","url":"https:\/\/patriciamesina.com\/wp-content\/uploads\/2023\/05\/ruta-circular-circo-Pessons-Andorra.jpg","contentUrl":"https:\/\/patriciamesina.com\/wp-content\/uploads\/2023\/05\/ruta-circular-circo-Pessons-Andorra.jpg","width":1100,"height":715},{"@type":"BreadcrumbList","@id":"https:\/\/patriciamesina.com\/ca\/circular-cara-est-de-la-vall-dincles-i-4-llacs\/#breadcrumb","itemListElement":[{"@type":"ListItem","position":1,"name":"Portada","item":"https:\/\/patriciamesina.com\/ca\/"},{"@type":"ListItem","position":2,"name":"Circular cara est de la Vall d&#8217;Incles i 4 llacs"}]},{"@type":"WebSite","@id":"https:\/\/patriciamesina.com\/ca\/#website","url":"https:\/\/patriciamesina.com\/ca\/","name":"Patricia Mesina","description":"Gu\u00eda de Monta\u00f1a en Andorra\/Expediciones emocionantes de alta monta\u00f1a por el Desierto de Atacama y aventuras inolvidables en esqu\u00ed de monta\u00f1a, raquetas de nieve, v\u00edas ferrata por Andorra","publisher":{"@id":"https:\/\/patriciamesina.com\/ca\/#\/schema\/person\/e5c5ac35eb41745510f2176a948d573b"},"alternateName":"Patricia Mesina","potentialAction":[{"@type":"SearchAction","target":{"@type":"EntryPoint","urlTemplate":"https:\/\/patriciamesina.com\/ca\/?s={search_term_string}"},"query-input":{"@type":"PropertyValueSpecification","valueRequired":true,"valueName":"search_term_string"}}],"inLanguage":"ca"},{"@type":["Person","Organization"],"@id":"https:\/\/patriciamesina.com\/ca\/#\/schema\/person\/e5c5ac35eb41745510f2176a948d573b","name":"Patricia Mesina","image":{"@type":"ImageObject","inLanguage":"ca","@id":"https:\/\/patriciamesina.com\/wp-content\/uploads\/2023\/03\/patricia-mesina-logo-blue.svg","url":"https:\/\/patriciamesina.com\/wp-content\/uploads\/2023\/03\/patricia-mesina-logo-blue.svg","contentUrl":"https:\/\/patriciamesina.com\/wp-content\/uploads\/2023\/03\/patricia-mesina-logo-blue.svg","width":349,"height":264,"caption":"Patricia Mesina"},"logo":{"@id":"https:\/\/patriciamesina.com\/wp-content\/uploads\/2023\/03\/patricia-mesina-logo-blue.svg"},"sameAs":["https:\/\/www.facebook.com\/TuGuiaPati","https:\/\/www.instagram.com\/patriciamesina.guia\/"]},{"@type":"Person","@id":"https:\/\/patriciamesina.com\/ca\/#\/schema\/person\/300f1e80501e94e7c39723bbee6b11a7","name":"YoureBLD23","sameAs":["https:\/\/patriciamesina.com"]}]}},"_links":{"self":[{"href":"https:\/\/patriciamesina.com\/ca\/wp-json\/wp\/v2\/posts\/2777","targetHints":{"allow":["GET"]}}],"collection":[{"href":"https:\/\/patriciamesina.com\/ca\/wp-json\/wp\/v2\/posts"}],"about":[{"href":"https:\/\/patriciamesina.com\/ca\/wp-json\/wp\/v2\/types\/post"}],"author":[{"embeddable":true,"href":"https:\/\/patriciamesina.com\/ca\/wp-json\/wp\/v2\/users\/1"}],"replies":[{"embeddable":true,"href":"https:\/\/patriciamesina.com\/ca\/wp-json\/wp\/v2\/comments?post=2777"}],"version-history":[{"count":2,"href":"https:\/\/patriciamesina.com\/ca\/wp-json\/wp\/v2\/posts\/2777\/revisions"}],"predecessor-version":[{"id":2857,"href":"https:\/\/patriciamesina.com\/ca\/wp-json\/wp\/v2\/posts\/2777\/revisions\/2857"}],"wp:featuredmedia":[{"embeddable":true,"href":"https:\/\/patriciamesina.com\/ca\/wp-json\/wp\/v2\/media\/2512"}],"wp:attachment":[{"href":"https:\/\/patriciamesina.com\/ca\/wp-json\/wp\/v2\/media?parent=2777"}],"wp:term":[{"taxonomy":"category","embeddable":true,"href":"https:\/\/patriciamesina.com\/ca\/wp-json\/wp\/v2\/categories?post=2777"},{"taxonomy":"post_tag","embeddable":true,"href":"https:\/\/patriciamesina.com\/ca\/wp-json\/wp\/v2\/tags?post=2777"}],"curies":[{"name":"wp","href":"https:\/\/api.w.org\/{rel}","templated":true}]}}